{"id":95170,"date":"2025-05-15T12:14:34","date_gmt":"2025-05-15T15:14:34","guid":{"rendered":"https:\/\/www.todoeldia.com\/?p=95170"},"modified":"2025-05-15T12:14:35","modified_gmt":"2025-05-15T15:14:35","slug":"javier-milei-no-viajara-a-la-asuncion-del-papa-leon-xiv","status":"publish","type":"post","link":"https:\/\/www.todoeldia.com\/index.php\/2025\/05\/15\/javier-milei-no-viajara-a-la-asuncion-del-papa-leon-xiv\/","title":{"rendered":"Javier Milei no viajar\u00e1 a la asunci\u00f3n del papa Le\u00f3n XIV"},"content":{"rendered":"\n<p>El Presidente se quedar\u00e1 para estar presente en las elecciones que se llevar\u00e1n a cabo en la Ciudad de Buenos Aires.<\/p>\n\n\n\n<p>El presidente Javier Milei no viajar\u00e1 a la asunci\u00f3n del papa Le\u00f3n XIV y enviar\u00e1 una comitiva en su lugar al Vaticano.<\/p>\n\n\n\n<p>A pesar de haber dicho que iba a estar presente, el mandatario decidi\u00f3 no asistir y se quedar\u00e1 por las elecciones que se llevar\u00e1n a cabo en la Ciudad de Buenos Aires donde estar\u00e1 su candidato, el vocero presidencial Manuel Adorni.<\/p>\n","protected":false},"excerpt":{"rendered":"<p>El Presidente se quedar\u00e1 para estar presente en las elecciones que se llevar\u00e1n a cabo en la Ciudad de Buenos Aires. El presidente Javier Milei no viajar\u00e1 a la asunci\u00f3n del papa Le\u00f3n XIV y enviar\u00e1 una comitiva en su lugar al Vaticano. A pesar de haber dicho que iba a estar presente, el mandatario [&hellip;]<\/p>\n","protected":false},"author":2,"featured_media":83741,"comment_status":"open","ping_status":"open","sticky":false,"template":"","format":"standard","meta":{"tdm_status":"","tdm_grid_status":"","_joinchat":[],"footnotes":""},"categories":[59],"tags":[],"class_list":{"0":"post-95170","1":"post","2":"type-post","3":"status-publish","4":"format-standard","5":"has-post-thumbnail","7":"category-politica"},"amp_enabled":true,"_links":{"self":[{"href":"https:\/\/www.todoeldia.com\/index.php\/wp-json\/wp\/v2\/posts\/95170","targetHints":{"allow":["GET"]}}],"collection":[{"href":"https:\/\/www.todoeldia.com\/index.php\/wp-json\/wp\/v2\/posts"}],"about":[{"href":"https:\/\/www.todoeldia.com\/index.php\/wp-json\/wp\/v2\/types\/post"}],"author":[{"embeddable":true,"href":"https:\/\/www.todoeldia.com\/index.php\/wp-json\/wp\/v2\/users\/2"}],"replies":[{"embeddable":true,"href":"https:\/\/www.todoeldia.com\/index.php\/wp-json\/wp\/v2\/comments?post=95170"}],"version-history":[{"count":1,"href":"https:\/\/www.todoeldia.com\/index.php\/wp-json\/wp\/v2\/posts\/95170\/revisions"}],"predecessor-version":[{"id":95171,"href":"https:\/\/www.todoeldia.com\/index.php\/wp-json\/wp\/v2\/posts\/95170\/revisions\/95171"}],"wp:featuredmedia":[{"embeddable":true,"href":"https:\/\/www.todoeldia.com\/index.php\/wp-json\/wp\/v2\/media\/83741"}],"wp:attachment":[{"href":"https:\/\/www.todoeldia.com\/index.php\/wp-json\/wp\/v2\/media?parent=95170"}],"wp:term":[{"taxonomy":"category","embeddable":true,"href":"https:\/\/www.todoeldia.com\/index.php\/wp-json\/wp\/v2\/categories?post=95170"},{"taxonomy":"post_tag","embeddable":true,"href":"https:\/\/www.todoeldia.com\/index.php\/wp-json\/wp\/v2\/tags?post=95170"}],"curies":[{"name":"wp","href":"https:\/\/api.w.org\/{rel}","templated":true}]}}