{"id":95179,"date":"2025-05-15T20:11:36","date_gmt":"2025-05-15T23:11:36","guid":{"rendered":"https:\/\/www.todoeldia.com\/?p=95179"},"modified":"2025-05-15T20:11:37","modified_gmt":"2025-05-15T23:11:37","slug":"elevan-a-juicio-la-causa-contra-el-coimero-ex-juez-de-oran-claudio-parisi","status":"publish","type":"post","link":"https:\/\/www.todoeldia.com\/index.php\/2025\/05\/15\/elevan-a-juicio-la-causa-contra-el-coimero-ex-juez-de-oran-claudio-parisi\/","title":{"rendered":"Elevan a juicio la causa contra el coimero ex juez de Or\u00e1n, Claudio Parisi"},"content":{"rendered":"\n<p>El juez de Or\u00e1n Ra\u00fal L\u00f3pez en una audiencia flexible y multiprop\u00f3sito del plan Piloto de Oralidad orden\u00f3 elevar a juicio la causa que se sigue contra el exjuez Claudio Parisi.<\/p>\n\n\n\n<p>Esto en el marco de la causa que se sigue contra Claudio Parisi, Roberto Ortega Serrano, H\u00e9ctor Manuel Alderete y Maximiliano Correa.<\/p>\n\n\n\n<p>&nbsp;Durante la audiencia el juez rechaz\u00f3 los planteos de nulidad y sobreseimiento de las defensas de los acusados. La causa ser\u00e1 remitida a la mesa distribuidora penal para el sorteo correspondiente.<\/p>\n\n\n\n<p>&nbsp;El exjuez Claudio Parisi est\u00e1 imputado por los delitos de cohecho pasivo agravado (dos hechos), incumplimiento de los deberes de funcionario p\u00fablico y omisi\u00f3n de los deberes de funcionario p\u00fablico en concurso real.<\/p>\n\n\n\n<p>Por su parte, Roberto Ortega Serrano est\u00e1 acusado de los delitos de cohecho activo (dos hechos) en grado de autor. Finalmente, Maximiliano Germ\u00e1n Correa y H\u00e9ctor Manuel Alderete fueron imputados como coautores de los delitos de cohecho pasivo agravado (dos hechos).<\/p>\n","protected":false},"excerpt":{"rendered":"<p>El juez de Or\u00e1n Ra\u00fal L\u00f3pez en una audiencia flexible y multiprop\u00f3sito del plan Piloto de Oralidad orden\u00f3 elevar a juicio la causa que se sigue contra el exjuez Claudio Parisi. Esto en el marco de la causa que se sigue contra Claudio Parisi, Roberto Ortega Serrano, H\u00e9ctor Manuel Alderete y Maximiliano Correa. &nbsp;Durante la [&hellip;]<\/p>\n","protected":false},"author":2,"featured_media":84575,"comment_status":"open","ping_status":"open","sticky":false,"template":"","format":"standard","meta":{"tdm_status":"","tdm_grid_status":"","_joinchat":[],"footnotes":""},"categories":[63],"tags":[],"class_list":{"0":"post-95179","1":"post","2":"type-post","3":"status-publish","4":"format-standard","5":"has-post-thumbnail","7":"category-policiales"},"amp_enabled":true,"_links":{"self":[{"href":"https:\/\/www.todoeldia.com\/index.php\/wp-json\/wp\/v2\/posts\/95179","targetHints":{"allow":["GET"]}}],"collection":[{"href":"https:\/\/www.todoeldia.com\/index.php\/wp-json\/wp\/v2\/posts"}],"about":[{"href":"https:\/\/www.todoeldia.com\/index.php\/wp-json\/wp\/v2\/types\/post"}],"author":[{"embeddable":true,"href":"https:\/\/www.todoeldia.com\/index.php\/wp-json\/wp\/v2\/users\/2"}],"replies":[{"embeddable":true,"href":"https:\/\/www.todoeldia.com\/index.php\/wp-json\/wp\/v2\/comments?post=95179"}],"version-history":[{"count":1,"href":"https:\/\/www.todoeldia.com\/index.php\/wp-json\/wp\/v2\/posts\/95179\/revisions"}],"predecessor-version":[{"id":95180,"href":"https:\/\/www.todoeldia.com\/index.php\/wp-json\/wp\/v2\/posts\/95179\/revisions\/95180"}],"wp:featuredmedia":[{"embeddable":true,"href":"https:\/\/www.todoeldia.com\/index.php\/wp-json\/wp\/v2\/media\/84575"}],"wp:attachment":[{"href":"https:\/\/www.todoeldia.com\/index.php\/wp-json\/wp\/v2\/media?parent=95179"}],"wp:term":[{"taxonomy":"category","embeddable":true,"href":"https:\/\/www.todoeldia.com\/index.php\/wp-json\/wp\/v2\/categories?post=95179"},{"taxonomy":"post_tag","embeddable":true,"href":"https:\/\/www.todoeldia.com\/index.php\/wp-json\/wp\/v2\/tags?post=95179"}],"curies":[{"name":"wp","href":"https:\/\/api.w.org\/{rel}","templated":true}]}}