{"id":95206,"date":"2025-05-16T10:56:55","date_gmt":"2025-05-16T13:56:55","guid":{"rendered":"https:\/\/www.todoeldia.com\/?p=95206"},"modified":"2025-05-16T10:56:56","modified_gmt":"2025-05-16T13:56:56","slug":"va-a-juicio-el-homicida-de-la-joven-en-barrio-santa-lucia","status":"publish","type":"post","link":"https:\/\/www.todoeldia.com\/index.php\/2025\/05\/16\/va-a-juicio-el-homicida-de-la-joven-en-barrio-santa-lucia\/","title":{"rendered":"Va a juicio el homicida de la joven en Barrio Santa Lucia"},"content":{"rendered":"\n<p>La intervenci\u00f3n de la Unidad de Femicidios comenz\u00f3 el 18 de septiembre, cuando el cuerpo de una joven mujer fue encontrado en inmediaciones de puente de acceso al barrio Santa Luc\u00eda, con signos de violencia. La fiscal penal, Mar\u00eda Sodero, requiri\u00f3 juicio para V\u00edctor Manuel M\u00e1rquez como autor del delito de homicidio calificado por mediar violencia de g\u00e9nero (femicidio), y por ser cometido con ensa\u00f1amiento y alevos\u00eda.<\/p>\n\n\n\n<p>En los fundamentos de la acusaci\u00f3n, la fiscal Sodero Calvet sostiene que, del an\u00e1lisis de las medidas probatorias producidas, se tiene el grado de certeza suficiente para asegurar que el 15 de septiembre de 2024, el acusado junto a la joven de 20 a\u00f1os, se dirigieron hacia la parte baja del puente viejo del barrio Santa Luc\u00eda. All\u00ed la habr\u00eda agredido f\u00edsicamente, asfixi\u00e1ndola con un cord\u00f3n y arroj\u00e1ndole un bloque de cemento o concreto en la cabeza, hasta conseguir su objetivo de matarla, aprovechando su situaci\u00f3n de extrema vulnerabilidad, y alej\u00e1ndola de la vista de potenciales auxilios y testigos.<\/p>\n","protected":false},"excerpt":{"rendered":"<p>La intervenci\u00f3n de la Unidad de Femicidios comenz\u00f3 el 18 de septiembre, cuando el cuerpo de una joven mujer fue encontrado en inmediaciones de puente de acceso al barrio Santa Luc\u00eda, con signos de violencia. La fiscal penal, Mar\u00eda Sodero, requiri\u00f3 juicio para V\u00edctor Manuel M\u00e1rquez como autor del delito de homicidio calificado por mediar [&hellip;]<\/p>\n","protected":false},"author":2,"featured_media":83819,"comment_status":"open","ping_status":"open","sticky":false,"template":"","format":"standard","meta":{"tdm_status":"","tdm_grid_status":"","_joinchat":[],"footnotes":""},"categories":[63],"tags":[],"class_list":{"0":"post-95206","1":"post","2":"type-post","3":"status-publish","4":"format-standard","5":"has-post-thumbnail","7":"category-policiales"},"amp_enabled":true,"_links":{"self":[{"href":"https:\/\/www.todoeldia.com\/index.php\/wp-json\/wp\/v2\/posts\/95206","targetHints":{"allow":["GET"]}}],"collection":[{"href":"https:\/\/www.todoeldia.com\/index.php\/wp-json\/wp\/v2\/posts"}],"about":[{"href":"https:\/\/www.todoeldia.com\/index.php\/wp-json\/wp\/v2\/types\/post"}],"author":[{"embeddable":true,"href":"https:\/\/www.todoeldia.com\/index.php\/wp-json\/wp\/v2\/users\/2"}],"replies":[{"embeddable":true,"href":"https:\/\/www.todoeldia.com\/index.php\/wp-json\/wp\/v2\/comments?post=95206"}],"version-history":[{"count":1,"href":"https:\/\/www.todoeldia.com\/index.php\/wp-json\/wp\/v2\/posts\/95206\/revisions"}],"predecessor-version":[{"id":95207,"href":"https:\/\/www.todoeldia.com\/index.php\/wp-json\/wp\/v2\/posts\/95206\/revisions\/95207"}],"wp:featuredmedia":[{"embeddable":true,"href":"https:\/\/www.todoeldia.com\/index.php\/wp-json\/wp\/v2\/media\/83819"}],"wp:attachment":[{"href":"https:\/\/www.todoeldia.com\/index.php\/wp-json\/wp\/v2\/media?parent=95206"}],"wp:term":[{"taxonomy":"category","embeddable":true,"href":"https:\/\/www.todoeldia.com\/index.php\/wp-json\/wp\/v2\/categories?post=95206"},{"taxonomy":"post_tag","embeddable":true,"href":"https:\/\/www.todoeldia.com\/index.php\/wp-json\/wp\/v2\/tags?post=95206"}],"curies":[{"name":"wp","href":"https:\/\/api.w.org\/{rel}","templated":true}]}}