{"id":95209,"date":"2025-05-16T11:01:12","date_gmt":"2025-05-16T14:01:12","guid":{"rendered":"https:\/\/www.todoeldia.com\/?p=95209"},"modified":"2025-05-16T11:01:13","modified_gmt":"2025-05-16T14:01:13","slug":"colapinto-finalizo-decimoseptimo-en-la-primera-prueba-libre-del-gran-premio-de-emilia-romana","status":"publish","type":"post","link":"https:\/\/www.todoeldia.com\/index.php\/2025\/05\/16\/colapinto-finalizo-decimoseptimo-en-la-primera-prueba-libre-del-gran-premio-de-emilia-romana\/","title":{"rendered":"Colapinto finaliz\u00f3 decimos\u00e9ptimo en la primera prueba libre del Gran Premio de Emilia-Roma\u00f1a"},"content":{"rendered":"\n<p>Su compa\u00f1ero franc\u00e9s de Alpine, Pierre Gasly, culmin\u00f3 en la sexta posici\u00f3n.<\/p>\n\n\n\n<p>El piloto argentino de la escuder\u00eda Alpine, Franco Colapinto, culmin\u00f3 en la decimos\u00e9ptima posici\u00f3n en la primera prueba libre del Gran Premio de Emilia-Roma\u00f1a, en Imola, en su regreso a la F\u00f3rmula 1.<\/p>\n\n\n\n<p>La prueba libre la lider\u00f3 el australiano de McLaren, Oscar Piastri, escoltado por su compa\u00f1ero brit\u00e1nico Lando Norris. El podio lo complet\u00f3 el espa\u00f1ol de Williams, Carlos Sainz.<\/p>\n\n\n\n<p>El joven piloto argentino comenz\u00f3 con neum\u00e1ticos medios y obtuvo un primer tiempo de un minuto y 21 segundos antes de regresar a los pits. Colapinto tuvo su segunda vuelta r\u00e1pida con un minuto y 19 segundos, quedando en el decimos\u00e9ptimo puesto.<\/p>\n\n\n\n<p>Colapinto, que corre para la escuder\u00eda francesa Alpine, reemplaza al australiano Jack Doohan, quien tuvo muy flojos resultados en los primeros cinco Grandes Premios.<\/p>\n\n\n\n<p>Esta es la segunda temporada en la que Colapinto corre en la F\u00f3rmula 1, ya que en el 2024 disput\u00f3 nueve Grandes Premios con la escuder\u00eda Williams, periodo en el que pudo sumar cinco puntos debido al octavo puesto conseguido en Azerbaiy\u00e1n y al d\u00e9cimo en Estados Unidos.<\/p>\n","protected":false},"excerpt":{"rendered":"<p>Su compa\u00f1ero franc\u00e9s de Alpine, Pierre Gasly, culmin\u00f3 en la sexta posici\u00f3n. El piloto argentino de la escuder\u00eda Alpine, Franco Colapinto, culmin\u00f3 en la decimos\u00e9ptima posici\u00f3n en la primera prueba libre del Gran Premio de Emilia-Roma\u00f1a, en Imola, en su regreso a la F\u00f3rmula 1. La prueba libre la lider\u00f3 el australiano de McLaren, Oscar [&hellip;]<\/p>\n","protected":false},"author":2,"featured_media":95210,"comment_status":"open","ping_status":"open","sticky":false,"template":"","format":"standard","meta":{"tdm_status":"","tdm_grid_status":"","_joinchat":[],"footnotes":""},"categories":[62],"tags":[],"class_list":{"0":"post-95209","1":"post","2":"type-post","3":"status-publish","4":"format-standard","5":"has-post-thumbnail","7":"category-deportes"},"amp_enabled":true,"_links":{"self":[{"href":"https:\/\/www.todoeldia.com\/index.php\/wp-json\/wp\/v2\/posts\/95209","targetHints":{"allow":["GET"]}}],"collection":[{"href":"https:\/\/www.todoeldia.com\/index.php\/wp-json\/wp\/v2\/posts"}],"about":[{"href":"https:\/\/www.todoeldia.com\/index.php\/wp-json\/wp\/v2\/types\/post"}],"author":[{"embeddable":true,"href":"https:\/\/www.todoeldia.com\/index.php\/wp-json\/wp\/v2\/users\/2"}],"replies":[{"embeddable":true,"href":"https:\/\/www.todoeldia.com\/index.php\/wp-json\/wp\/v2\/comments?post=95209"}],"version-history":[{"count":1,"href":"https:\/\/www.todoeldia.com\/index.php\/wp-json\/wp\/v2\/posts\/95209\/revisions"}],"predecessor-version":[{"id":95211,"href":"https:\/\/www.todoeldia.com\/index.php\/wp-json\/wp\/v2\/posts\/95209\/revisions\/95211"}],"wp:featuredmedia":[{"embeddable":true,"href":"https:\/\/www.todoeldia.com\/index.php\/wp-json\/wp\/v2\/media\/95210"}],"wp:attachment":[{"href":"https:\/\/www.todoeldia.com\/index.php\/wp-json\/wp\/v2\/media?parent=95209"}],"wp:term":[{"taxonomy":"category","embeddable":true,"href":"https:\/\/www.todoeldia.com\/index.php\/wp-json\/wp\/v2\/categories?post=95209"},{"taxonomy":"post_tag","embeddable":true,"href":"https:\/\/www.todoeldia.com\/index.php\/wp-json\/wp\/v2\/tags?post=95209"}],"curies":[{"name":"wp","href":"https:\/\/api.w.org\/{rel}","templated":true}]}}