{"id":95259,"date":"2025-05-16T14:16:09","date_gmt":"2025-05-16T17:16:09","guid":{"rendered":"https:\/\/www.todoeldia.com\/?p=95259"},"modified":"2025-05-16T14:16:10","modified_gmt":"2025-05-16T17:16:10","slug":"estaban-detenidos-por-otros-delitos-y-ahora-los-juzgaran-por-violar-a-otro-preso-en-metan","status":"publish","type":"post","link":"https:\/\/www.todoeldia.com\/index.php\/2025\/05\/16\/estaban-detenidos-por-otros-delitos-y-ahora-los-juzgaran-por-violar-a-otro-preso-en-metan\/","title":{"rendered":"Estaban detenidos por otros delitos y ahora los juzgaran por violar a otro preso en Metan"},"content":{"rendered":"\n<p>Se trata de tres j\u00f3venes acusados de violar a un hombre con el que compart\u00edan la celda de detenci\u00f3n y que padece retraso madurativo.<\/p>\n\n\n\n<p>El fiscal penal de Met\u00e1n, Gonzalo G\u00f3mez, solicit\u00f3 juicio para un hombre de 21 a\u00f1os como autor del delito de lesiones y abuso sexual con acceso carnal agravado en concurso real y para otros dos de 19 y 20 a\u00f1os como participes necesarios del mismo delito.<\/p>\n\n\n\n<figure class=\"wp-block-image size-large\"><img loading=\"lazy\" decoding=\"async\" width=\"1024\" height=\"585\" src=\"https:\/\/www.todoeldia.com\/wp-content\/uploads\/2021\/12\/comisaria-de-metan-1024x585.jpeg\" alt=\"\" class=\"wp-image-32006\" srcset=\"https:\/\/www.todoeldia.com\/wp-content\/uploads\/2021\/12\/comisaria-de-metan-1024x585.jpeg 1024w, https:\/\/www.todoeldia.com\/wp-content\/uploads\/2021\/12\/comisaria-de-metan-300x171.jpeg 300w, https:\/\/www.todoeldia.com\/wp-content\/uploads\/2021\/12\/comisaria-de-metan-768x439.jpeg 768w, https:\/\/www.todoeldia.com\/wp-content\/uploads\/2021\/12\/comisaria-de-metan-696x398.jpeg 696w, https:\/\/www.todoeldia.com\/wp-content\/uploads\/2021\/12\/comisaria-de-metan-1068x610.jpeg 1068w, https:\/\/www.todoeldia.com\/wp-content\/uploads\/2021\/12\/comisaria-de-metan-735x420.jpeg 735w, https:\/\/www.todoeldia.com\/wp-content\/uploads\/2021\/12\/comisaria-de-metan.jpeg 1439w\" sizes=\"auto, (max-width: 1024px) 100vw, 1024px\" \/><\/figure>\n\n\n\n<p>Los tres hombres se encuentran acusados de haber vulnerado la integridad sexual de otro hombre, con quien compart\u00edan la situaci\u00f3n de detenci\u00f3n en la Comisar\u00eda Primera de Metan.<\/p>\n\n\n\n<p>Cabe recordar que los tres imputados permanecen detenidos con prisi\u00f3n preventiva dictada por el juez Mario Dilascio, d\u00edas atr\u00e1s.<\/p>\n","protected":false},"excerpt":{"rendered":"<p>Se trata de tres j\u00f3venes acusados de violar a un hombre con el que compart\u00edan la celda de detenci\u00f3n y que padece retraso madurativo. El fiscal penal de Met\u00e1n, Gonzalo G\u00f3mez, solicit\u00f3 juicio para un hombre de 21 a\u00f1os como autor del delito de lesiones y abuso sexual con acceso carnal agravado en concurso real [&hellip;]<\/p>\n","protected":false},"author":2,"featured_media":37848,"comment_status":"open","ping_status":"open","sticky":false,"template":"","format":"standard","meta":{"tdm_status":"","tdm_grid_status":"","_joinchat":[],"footnotes":""},"categories":[63],"tags":[],"class_list":{"0":"post-95259","1":"post","2":"type-post","3":"status-publish","4":"format-standard","5":"has-post-thumbnail","7":"category-policiales"},"amp_enabled":true,"_links":{"self":[{"href":"https:\/\/www.todoeldia.com\/index.php\/wp-json\/wp\/v2\/posts\/95259","targetHints":{"allow":["GET"]}}],"collection":[{"href":"https:\/\/www.todoeldia.com\/index.php\/wp-json\/wp\/v2\/posts"}],"about":[{"href":"https:\/\/www.todoeldia.com\/index.php\/wp-json\/wp\/v2\/types\/post"}],"author":[{"embeddable":true,"href":"https:\/\/www.todoeldia.com\/index.php\/wp-json\/wp\/v2\/users\/2"}],"replies":[{"embeddable":true,"href":"https:\/\/www.todoeldia.com\/index.php\/wp-json\/wp\/v2\/comments?post=95259"}],"version-history":[{"count":1,"href":"https:\/\/www.todoeldia.com\/index.php\/wp-json\/wp\/v2\/posts\/95259\/revisions"}],"predecessor-version":[{"id":95260,"href":"https:\/\/www.todoeldia.com\/index.php\/wp-json\/wp\/v2\/posts\/95259\/revisions\/95260"}],"wp:featuredmedia":[{"embeddable":true,"href":"https:\/\/www.todoeldia.com\/index.php\/wp-json\/wp\/v2\/media\/37848"}],"wp:attachment":[{"href":"https:\/\/www.todoeldia.com\/index.php\/wp-json\/wp\/v2\/media?parent=95259"}],"wp:term":[{"taxonomy":"category","embeddable":true,"href":"https:\/\/www.todoeldia.com\/index.php\/wp-json\/wp\/v2\/categories?post=95259"},{"taxonomy":"post_tag","embeddable":true,"href":"https:\/\/www.todoeldia.com\/index.php\/wp-json\/wp\/v2\/tags?post=95259"}],"curies":[{"name":"wp","href":"https:\/\/api.w.org\/{rel}","templated":true}]}}