{"id":95261,"date":"2025-05-17T10:37:23","date_gmt":"2025-05-17T13:37:23","guid":{"rendered":"https:\/\/www.todoeldia.com\/?p=95261"},"modified":"2025-05-17T10:37:24","modified_gmt":"2025-05-17T13:37:24","slug":"mensaje-mafioso-del-senador-de-iruya-walter-cruz-amenazo-a-un-concejal-con-ir-a-buscarlo-y-hacerlo-mierda","status":"publish","type":"post","link":"https:\/\/www.todoeldia.com\/index.php\/2025\/05\/17\/mensaje-mafioso-del-senador-de-iruya-walter-cruz-amenazo-a-un-concejal-con-ir-a-buscarlo-y-hacerlo-mierda\/","title":{"rendered":"Mensaje mafioso del Senador de Iruya Walter Cruz: amenaz\u00f3 a un concejal con ir a buscarlo y hacerlo mierda"},"content":{"rendered":"\n<p>El concejal Quique Vega de Isla de Ca\u00f1as, en di\u00e1logo con Radio Metro de Or\u00e1n denunci\u00f3 una grave amenaza que le realiz\u00f3 el actual Senador del departamento Iruya Walter Cruz.<\/p>\n\n\n\n<p>El edil coment\u00f3 que fue candidato a diputado en las elecciones pasadas del 11 de mayo, y los resultados no fueron favorables para su candidatura, ya que obtuvo solo 317 votos.<\/p>\n\n\n\n<p>De todas maneras, su lista incomodaba y restaba votos a otros candidatos lo que provoc\u00f3 el enojo del senador Walter Cruz.<\/p>\n\n\n\n<p>En un mensaje con tintes mafiosos el legislador amenaz\u00f3 al concejal Vega de ir a buscarlo y \u201chacerlo mierda\u201d.<\/p>\n\n\n\n<p>El d\u00eda lunes el concejal recibe de Cruz un mensaje de audio intimidante a trav\u00e9s de WhatsApp provocando su desconcierto.<\/p>\n\n\n\n<p>Ante esa situaci\u00f3n le pregunt\u00f3 si el mensaje era para \u00e9l o se hab\u00eda equivocado.<\/p>\n\n\n\n<p>Cruz le respondi\u00f3 \u201csi es para vos puto te digo en tu cara y te voy a buscar y me voy a encargar que desaparezcas pol\u00edticamente y no solamente a vos a tu familia y todo lo que se me cruce\u201d.&nbsp;<\/p>\n\n\n\n<p>&#8220;Grabalo y ponelo en todos los estados que vos quieras te voy a hacer mierda&#8221; culmin\u00f3.<\/p>\n\n\n\n<p>Ante la velada amenaza el concejal realiz\u00f3 la correspondiente denuncia en la comisaria y pidi\u00f3 una custodia policial.<\/p>\n\n\n\n<p>Asimismo, anunci\u00f3 que har\u00e1 una presentaci\u00f3n en la C\u00e1mara de Senadores para que el cuerpo tenga conocimiento de la amenaza realizada por el legislador.<\/p>\n","protected":false},"excerpt":{"rendered":"<p>El concejal Quique Vega de Isla de Ca\u00f1as, en di\u00e1logo con Radio Metro de Or\u00e1n denunci\u00f3 una grave amenaza que le realiz\u00f3 el actual Senador del departamento Iruya Walter Cruz. El edil coment\u00f3 que fue candidato a diputado en las elecciones pasadas del 11 de mayo, y los resultados no fueron favorables para su candidatura, [&hellip;]<\/p>\n","protected":false},"author":2,"featured_media":95262,"comment_status":"open","ping_status":"open","sticky":false,"template":"","format":"standard","meta":{"tdm_status":"","tdm_grid_status":"","_joinchat":[],"footnotes":""},"categories":[63],"tags":[],"class_list":{"0":"post-95261","1":"post","2":"type-post","3":"status-publish","4":"format-standard","5":"has-post-thumbnail","7":"category-policiales"},"amp_enabled":true,"_links":{"self":[{"href":"https:\/\/www.todoeldia.com\/index.php\/wp-json\/wp\/v2\/posts\/95261","targetHints":{"allow":["GET"]}}],"collection":[{"href":"https:\/\/www.todoeldia.com\/index.php\/wp-json\/wp\/v2\/posts"}],"about":[{"href":"https:\/\/www.todoeldia.com\/index.php\/wp-json\/wp\/v2\/types\/post"}],"author":[{"embeddable":true,"href":"https:\/\/www.todoeldia.com\/index.php\/wp-json\/wp\/v2\/users\/2"}],"replies":[{"embeddable":true,"href":"https:\/\/www.todoeldia.com\/index.php\/wp-json\/wp\/v2\/comments?post=95261"}],"version-history":[{"count":1,"href":"https:\/\/www.todoeldia.com\/index.php\/wp-json\/wp\/v2\/posts\/95261\/revisions"}],"predecessor-version":[{"id":95263,"href":"https:\/\/www.todoeldia.com\/index.php\/wp-json\/wp\/v2\/posts\/95261\/revisions\/95263"}],"wp:featuredmedia":[{"embeddable":true,"href":"https:\/\/www.todoeldia.com\/index.php\/wp-json\/wp\/v2\/media\/95262"}],"wp:attachment":[{"href":"https:\/\/www.todoeldia.com\/index.php\/wp-json\/wp\/v2\/media?parent=95261"}],"wp:term":[{"taxonomy":"category","embeddable":true,"href":"https:\/\/www.todoeldia.com\/index.php\/wp-json\/wp\/v2\/categories?post=95261"},{"taxonomy":"post_tag","embeddable":true,"href":"https:\/\/www.todoeldia.com\/index.php\/wp-json\/wp\/v2\/tags?post=95261"}],"curies":[{"name":"wp","href":"https:\/\/api.w.org\/{rel}","templated":true}]}}