{"id":95288,"date":"2025-05-19T12:58:53","date_gmt":"2025-05-19T15:58:53","guid":{"rendered":"https:\/\/www.todoeldia.com\/?p=95288"},"modified":"2025-05-19T12:58:54","modified_gmt":"2025-05-19T15:58:54","slug":"manejaba-un-auto-con-3-5-g-l-de-alcohol-en-sangre-y-embistio-a-una-madre-y-su-hija-en-bicicleta","status":"publish","type":"post","link":"https:\/\/www.todoeldia.com\/index.php\/2025\/05\/19\/manejaba-un-auto-con-3-5-g-l-de-alcohol-en-sangre-y-embistio-a-una-madre-y-su-hija-en-bicicleta\/","title":{"rendered":"Manejaba un auto con 3.5 g\/l de alcohol en sangre y embisti\u00f3 a una madre y su hija en bicicleta"},"content":{"rendered":"\n<p>El pasado jueves, una mujer y su hija resultaron lesionadas, cuando la bicicleta en la que circulaban, fue colisionada por un autom\u00f3vil conducido por un hombre en estado de ebriedad.&nbsp;<\/p>\n\n\n\n<p>El hombre de 41 a\u00f1os fue imputado como autor del&nbsp;delito de lesiones graves agravadas en accidente de tr\u00e1nsito por conducir el veh\u00edculo con un nivel de alcoholemia superior a 1 gramo por litro de sangre.&nbsp;<\/p>\n\n\n\n<p>El siniestro ocurri\u00f3 el pasado jueves 15 de mayo por la ma\u00f1ana, cuando una mujer y su hija menor de edad, quienes circulaban en una bicicleta, fueron embestidas por un autom\u00f3vil. Ambas resultaron lesionadas y debieron ser trasladadas al hospital local para su atenci\u00f3n.<\/p>\n\n\n\n<p>El conductor, conduc\u00eda en estado de ebriedad, seg\u00fan lo confirm\u00f3 el test de alcoholemia, que arroj\u00f3 una graduaci\u00f3n de 3.5 g\/l de alcohol en sangre.<\/p>\n\n\n\n<p>Tras el siniestro, el&nbsp;fiscal Nicol\u00e1s Rodr\u00edguez L\u00f3pez&nbsp;dispuso el cumplimiento de todas las medidas pertinentes para esclarecer lo sucedido y solicit\u00f3 al Juzgado de Garant\u00edas en turno, la detenci\u00f3n del automovilista, el secuestro del veh\u00edculo y de su celular, a lo que se hizo lugar.<\/p>\n","protected":false},"excerpt":{"rendered":"<p>El pasado jueves, una mujer y su hija resultaron lesionadas, cuando la bicicleta en la que circulaban, fue colisionada por un autom\u00f3vil conducido por un hombre en estado de ebriedad.&nbsp; El hombre de 41 a\u00f1os fue imputado como autor del&nbsp;delito de lesiones graves agravadas en accidente de tr\u00e1nsito por conducir el veh\u00edculo con un nivel [&hellip;]<\/p>\n","protected":false},"author":2,"featured_media":92412,"comment_status":"open","ping_status":"open","sticky":false,"template":"","format":"standard","meta":{"tdm_status":"","tdm_grid_status":"","_joinchat":[],"footnotes":""},"categories":[63],"tags":[],"class_list":{"0":"post-95288","1":"post","2":"type-post","3":"status-publish","4":"format-standard","5":"has-post-thumbnail","7":"category-policiales"},"amp_enabled":true,"_links":{"self":[{"href":"https:\/\/www.todoeldia.com\/index.php\/wp-json\/wp\/v2\/posts\/95288","targetHints":{"allow":["GET"]}}],"collection":[{"href":"https:\/\/www.todoeldia.com\/index.php\/wp-json\/wp\/v2\/posts"}],"about":[{"href":"https:\/\/www.todoeldia.com\/index.php\/wp-json\/wp\/v2\/types\/post"}],"author":[{"embeddable":true,"href":"https:\/\/www.todoeldia.com\/index.php\/wp-json\/wp\/v2\/users\/2"}],"replies":[{"embeddable":true,"href":"https:\/\/www.todoeldia.com\/index.php\/wp-json\/wp\/v2\/comments?post=95288"}],"version-history":[{"count":1,"href":"https:\/\/www.todoeldia.com\/index.php\/wp-json\/wp\/v2\/posts\/95288\/revisions"}],"predecessor-version":[{"id":95289,"href":"https:\/\/www.todoeldia.com\/index.php\/wp-json\/wp\/v2\/posts\/95288\/revisions\/95289"}],"wp:featuredmedia":[{"embeddable":true,"href":"https:\/\/www.todoeldia.com\/index.php\/wp-json\/wp\/v2\/media\/92412"}],"wp:attachment":[{"href":"https:\/\/www.todoeldia.com\/index.php\/wp-json\/wp\/v2\/media?parent=95288"}],"wp:term":[{"taxonomy":"category","embeddable":true,"href":"https:\/\/www.todoeldia.com\/index.php\/wp-json\/wp\/v2\/categories?post=95288"},{"taxonomy":"post_tag","embeddable":true,"href":"https:\/\/www.todoeldia.com\/index.php\/wp-json\/wp\/v2\/tags?post=95288"}],"curies":[{"name":"wp","href":"https:\/\/api.w.org\/{rel}","templated":true}]}}