{"id":95291,"date":"2025-05-19T14:22:04","date_gmt":"2025-05-19T17:22:04","guid":{"rendered":"https:\/\/www.todoeldia.com\/?p=95291"},"modified":"2025-05-19T14:22:05","modified_gmt":"2025-05-19T17:22:05","slug":"fallas-en-un-transformador-de-edesa-en-el-b-intersindical-quemo-artefactos-electricos","status":"publish","type":"post","link":"https:\/\/www.todoeldia.com\/index.php\/2025\/05\/19\/fallas-en-un-transformador-de-edesa-en-el-b-intersindical-quemo-artefactos-electricos\/","title":{"rendered":"Fallas en un transformador de EDESA en el B\u00b0 Intersindical quem\u00f3 artefactos el\u00e9ctricos"},"content":{"rendered":"\n<p>Ante problemas en la prestaci\u00f3n del servicio el\u00e9ctrico detectadas ayer en una zona del Barrio Intersindical, el Ente Regulador envi\u00f3 en car\u00e1cter de urgente una comisi\u00f3n para atender consultas y relevar reclamos de los usuarios afectados por la empresa EDESA.<\/p>\n\n\n\n<p>A partir de fallas verificadas en el transformador que abastece a la zona, se constat\u00f3 que hubo da\u00f1os en artefactos el\u00e9ctricos.<\/p>\n\n\n\n<p>Por esta circunstancia, se asesor\u00f3 a los usuarios para que realicen los reclamos correspondientes y, en estos casos, abreviar los tr\u00e1mites necesarios para que la empresa responda por los inconvenientes ocasionados y proceda a reposici\u00f3n o reparaci\u00f3n de los artefactos afectados.&nbsp;<\/p>\n\n\n\n<p>En paralelo, el Organismo orden\u00f3 a la empresa que remita personal t\u00e9cnico al lugar y proceda a realizar los relevamientos obligatorios ante las incidencias detectadas.<\/p>\n\n\n\n<p>Para mayor asesoramiento, los usuarios que lo soliciten pueden contactarse a la l\u00ednea gratuita 0-800-444-7400 o al WhatsApp 387-6347400 de 8 a 20 horas o en la sede central ubicada en calle Bartolom\u00e9 Mitre 1231, de 8 a 14 horas.<\/p>\n","protected":false},"excerpt":{"rendered":"<p>Ante problemas en la prestaci\u00f3n del servicio el\u00e9ctrico detectadas ayer en una zona del Barrio Intersindical, el Ente Regulador envi\u00f3 en car\u00e1cter de urgente una comisi\u00f3n para atender consultas y relevar reclamos de los usuarios afectados por la empresa EDESA. A partir de fallas verificadas en el transformador que abastece a la zona, se constat\u00f3 [&hellip;]<\/p>\n","protected":false},"author":2,"featured_media":95292,"comment_status":"open","ping_status":"open","sticky":false,"template":"","format":"standard","meta":{"tdm_status":"","tdm_grid_status":"","_joinchat":[],"footnotes":""},"categories":[73],"tags":[],"class_list":{"0":"post-95291","1":"post","2":"type-post","3":"status-publish","4":"format-standard","5":"has-post-thumbnail","7":"category-noticias-general"},"amp_enabled":true,"_links":{"self":[{"href":"https:\/\/www.todoeldia.com\/index.php\/wp-json\/wp\/v2\/posts\/95291","targetHints":{"allow":["GET"]}}],"collection":[{"href":"https:\/\/www.todoeldia.com\/index.php\/wp-json\/wp\/v2\/posts"}],"about":[{"href":"https:\/\/www.todoeldia.com\/index.php\/wp-json\/wp\/v2\/types\/post"}],"author":[{"embeddable":true,"href":"https:\/\/www.todoeldia.com\/index.php\/wp-json\/wp\/v2\/users\/2"}],"replies":[{"embeddable":true,"href":"https:\/\/www.todoeldia.com\/index.php\/wp-json\/wp\/v2\/comments?post=95291"}],"version-history":[{"count":1,"href":"https:\/\/www.todoeldia.com\/index.php\/wp-json\/wp\/v2\/posts\/95291\/revisions"}],"predecessor-version":[{"id":95293,"href":"https:\/\/www.todoeldia.com\/index.php\/wp-json\/wp\/v2\/posts\/95291\/revisions\/95293"}],"wp:featuredmedia":[{"embeddable":true,"href":"https:\/\/www.todoeldia.com\/index.php\/wp-json\/wp\/v2\/media\/95292"}],"wp:attachment":[{"href":"https:\/\/www.todoeldia.com\/index.php\/wp-json\/wp\/v2\/media?parent=95291"}],"wp:term":[{"taxonomy":"category","embeddable":true,"href":"https:\/\/www.todoeldia.com\/index.php\/wp-json\/wp\/v2\/categories?post=95291"},{"taxonomy":"post_tag","embeddable":true,"href":"https:\/\/www.todoeldia.com\/index.php\/wp-json\/wp\/v2\/tags?post=95291"}],"curies":[{"name":"wp","href":"https:\/\/api.w.org\/{rel}","templated":true}]}}