{"id":95294,"date":"2025-05-19T14:33:49","date_gmt":"2025-05-19T17:33:49","guid":{"rendered":"https:\/\/www.todoeldia.com\/?p=95294"},"modified":"2025-05-19T14:33:50","modified_gmt":"2025-05-19T17:33:50","slug":"fue-condenado-por-amenazar-a-su-expareja-y-prenderle-fuego-a-su-casa-en-las-lajitas","status":"publish","type":"post","link":"https:\/\/www.todoeldia.com\/index.php\/2025\/05\/19\/fue-condenado-por-amenazar-a-su-expareja-y-prenderle-fuego-a-su-casa-en-las-lajitas\/","title":{"rendered":"Fue condenado por amenazar a su expareja y prenderle fuego a su casa en Las Lajitas"},"content":{"rendered":"\n<p>Tras haber terminado la relaci\u00f3n de pareja por constantes hechos de violencia, el acusado comenz\u00f3 a proferir amenazas a la madre de sus hijos, caus\u00f3 da\u00f1os en la casa de su excu\u00f1ada y prendi\u00f3 fuego a la vivienda donde la mujer resid\u00eda.<\/p>\n\n\n\n<p>Un hombre de 28 a\u00f1os, fue condenado a 3 a\u00f1os de prisi\u00f3n condicional por los&nbsp;delitos de incendio intencional y amenazas en perjuicio de su expareja, desobediencia judicial, y da\u00f1os en perjuicio de su excu\u00f1ada, todo en concurso real.<\/p>\n\n\n\n<p>En la denuncia que origin\u00f3 la investigaci\u00f3n, la damnificada se\u00f1ala que mantuvo una relaci\u00f3n de pareja de cinco a\u00f1os con el acusado, con dos hijos menores en com\u00fan y que se separaron recientemente por la constante violencia que \u00e9ste ejerc\u00eda sobre ella.<\/p>\n\n\n\n<p>Pese a las medidas de restricci\u00f3n impuestas, el acusado se present\u00f3 en la vivienda familiar y la amenaz\u00f3 para que retomaran la relaci\u00f3n.<\/p>\n\n\n\n<p>Luego se present\u00f3 en la casa de su excu\u00f1ada, donde se hab\u00eda refugiado la mujer, y caus\u00f3 da\u00f1os en una ventana.<\/p>\n\n\n\n<p>Finalmente, el pasado 6 de enero le hizo conocer telef\u00f3nicamente que hab\u00eda prendido fuego a la vivienda que ocupaban, causando da\u00f1os totales.<\/p>\n","protected":false},"excerpt":{"rendered":"<p>Tras haber terminado la relaci\u00f3n de pareja por constantes hechos de violencia, el acusado comenz\u00f3 a proferir amenazas a la madre de sus hijos, caus\u00f3 da\u00f1os en la casa de su excu\u00f1ada y prendi\u00f3 fuego a la vivienda donde la mujer resid\u00eda. Un hombre de 28 a\u00f1os, fue condenado a 3 a\u00f1os de prisi\u00f3n condicional [&hellip;]<\/p>\n","protected":false},"author":2,"featured_media":90869,"comment_status":"open","ping_status":"open","sticky":false,"template":"","format":"standard","meta":{"tdm_status":"","tdm_grid_status":"","_joinchat":[],"footnotes":""},"categories":[63],"tags":[],"class_list":{"0":"post-95294","1":"post","2":"type-post","3":"status-publish","4":"format-standard","5":"has-post-thumbnail","7":"category-policiales"},"amp_enabled":true,"_links":{"self":[{"href":"https:\/\/www.todoeldia.com\/index.php\/wp-json\/wp\/v2\/posts\/95294","targetHints":{"allow":["GET"]}}],"collection":[{"href":"https:\/\/www.todoeldia.com\/index.php\/wp-json\/wp\/v2\/posts"}],"about":[{"href":"https:\/\/www.todoeldia.com\/index.php\/wp-json\/wp\/v2\/types\/post"}],"author":[{"embeddable":true,"href":"https:\/\/www.todoeldia.com\/index.php\/wp-json\/wp\/v2\/users\/2"}],"replies":[{"embeddable":true,"href":"https:\/\/www.todoeldia.com\/index.php\/wp-json\/wp\/v2\/comments?post=95294"}],"version-history":[{"count":1,"href":"https:\/\/www.todoeldia.com\/index.php\/wp-json\/wp\/v2\/posts\/95294\/revisions"}],"predecessor-version":[{"id":95295,"href":"https:\/\/www.todoeldia.com\/index.php\/wp-json\/wp\/v2\/posts\/95294\/revisions\/95295"}],"wp:featuredmedia":[{"embeddable":true,"href":"https:\/\/www.todoeldia.com\/index.php\/wp-json\/wp\/v2\/media\/90869"}],"wp:attachment":[{"href":"https:\/\/www.todoeldia.com\/index.php\/wp-json\/wp\/v2\/media?parent=95294"}],"wp:term":[{"taxonomy":"category","embeddable":true,"href":"https:\/\/www.todoeldia.com\/index.php\/wp-json\/wp\/v2\/categories?post=95294"},{"taxonomy":"post_tag","embeddable":true,"href":"https:\/\/www.todoeldia.com\/index.php\/wp-json\/wp\/v2\/tags?post=95294"}],"curies":[{"name":"wp","href":"https:\/\/api.w.org\/{rel}","templated":true}]}}