{"id":95304,"date":"2025-05-19T15:16:39","date_gmt":"2025-05-19T18:16:39","guid":{"rendered":"https:\/\/www.todoeldia.com\/?p=95304"},"modified":"2025-05-19T15:16:40","modified_gmt":"2025-05-19T18:16:40","slug":"andres-calamaro-fue-abucheado-en-colombia-y-tuvo-que-abandonar-el-escenario","status":"publish","type":"post","link":"https:\/\/www.todoeldia.com\/index.php\/2025\/05\/19\/andres-calamaro-fue-abucheado-en-colombia-y-tuvo-que-abandonar-el-escenario\/","title":{"rendered":"Andr\u00e9s Calamaro fue abucheado en Colombia y tuvo que abandonar el escenario"},"content":{"rendered":"\n<p>El artista gener\u00f3 pol\u00e9mica por defender las corridas de toros.<\/p>\n\n\n\n<p>Andr\u00e9s Calamaro protagoniz\u00f3 un esc\u00e1ndalo en Cali, Colombia, durante una presentaci\u00f3n en el Arena Ca\u00f1averalejo, en la cual se refiri\u00f3 a las corridas de toros.<\/p>\n\n\n\n<p>El m\u00fasico agarr\u00f3 una chaqueta roja y la movi\u00f3 como si fuera un torero, la tir\u00f3 al piso y dej\u00f3 su micr\u00f3fono. El p\u00fablico comenz\u00f3 a abuchearlo ya que recientemente en esa ciudad votaron por prohibir las corridas de toros en Cali.<\/p>\n\n\n\n<p>\u201cQuiero dedicar esta canci\u00f3n a todos los toreros, ganaderos, banderilleros y aficionados que se quedan sin trabajo, porque votaron para eso: dejarlos en la calle\u201d, expres\u00f3 Calamaro.<\/p>\n\n\n\n<p>Tras algunos minutos de abucheos, Calamaro se fue del escenario, pero antes les dedic\u00f3 un mensaje:&nbsp; \u201cLo siento. Est\u00e1n cancelados y bloqueados. Hasta nunca\u201d.<\/p>\n","protected":false},"excerpt":{"rendered":"<p>El artista gener\u00f3 pol\u00e9mica por defender las corridas de toros. Andr\u00e9s Calamaro protagoniz\u00f3 un esc\u00e1ndalo en Cali, Colombia, durante una presentaci\u00f3n en el Arena Ca\u00f1averalejo, en la cual se refiri\u00f3 a las corridas de toros. El m\u00fasico agarr\u00f3 una chaqueta roja y la movi\u00f3 como si fuera un torero, la tir\u00f3 al piso y dej\u00f3 [&hellip;]<\/p>\n","protected":false},"author":2,"featured_media":95305,"comment_status":"open","ping_status":"open","sticky":false,"template":"","format":"standard","meta":{"tdm_status":"","tdm_grid_status":"","_joinchat":[],"footnotes":""},"categories":[120],"tags":[],"class_list":{"0":"post-95304","1":"post","2":"type-post","3":"status-publish","4":"format-standard","5":"has-post-thumbnail","7":"category-espectaculos-2"},"amp_enabled":true,"_links":{"self":[{"href":"https:\/\/www.todoeldia.com\/index.php\/wp-json\/wp\/v2\/posts\/95304","targetHints":{"allow":["GET"]}}],"collection":[{"href":"https:\/\/www.todoeldia.com\/index.php\/wp-json\/wp\/v2\/posts"}],"about":[{"href":"https:\/\/www.todoeldia.com\/index.php\/wp-json\/wp\/v2\/types\/post"}],"author":[{"embeddable":true,"href":"https:\/\/www.todoeldia.com\/index.php\/wp-json\/wp\/v2\/users\/2"}],"replies":[{"embeddable":true,"href":"https:\/\/www.todoeldia.com\/index.php\/wp-json\/wp\/v2\/comments?post=95304"}],"version-history":[{"count":1,"href":"https:\/\/www.todoeldia.com\/index.php\/wp-json\/wp\/v2\/posts\/95304\/revisions"}],"predecessor-version":[{"id":95306,"href":"https:\/\/www.todoeldia.com\/index.php\/wp-json\/wp\/v2\/posts\/95304\/revisions\/95306"}],"wp:featuredmedia":[{"embeddable":true,"href":"https:\/\/www.todoeldia.com\/index.php\/wp-json\/wp\/v2\/media\/95305"}],"wp:attachment":[{"href":"https:\/\/www.todoeldia.com\/index.php\/wp-json\/wp\/v2\/media?parent=95304"}],"wp:term":[{"taxonomy":"category","embeddable":true,"href":"https:\/\/www.todoeldia.com\/index.php\/wp-json\/wp\/v2\/categories?post=95304"},{"taxonomy":"post_tag","embeddable":true,"href":"https:\/\/www.todoeldia.com\/index.php\/wp-json\/wp\/v2\/tags?post=95304"}],"curies":[{"name":"wp","href":"https:\/\/api.w.org\/{rel}","templated":true}]}}