{"id":95307,"date":"2025-05-19T15:25:09","date_gmt":"2025-05-19T18:25:09","guid":{"rendered":"https:\/\/www.todoeldia.com\/?p=95307"},"modified":"2025-05-19T15:25:10","modified_gmt":"2025-05-19T18:25:10","slug":"colegio-de-abogados-se-opone-a-la-renovacion-de-lopez-vinals-en-la-corte-de-justicia","status":"publish","type":"post","link":"https:\/\/www.todoeldia.com\/index.php\/2025\/05\/19\/colegio-de-abogados-se-opone-a-la-renovacion-de-lopez-vinals-en-la-corte-de-justicia\/","title":{"rendered":"Colegio de Abogados se opone a la renovaci\u00f3n de L\u00f3pez Vi\u00f1als en la Corte de Justicia"},"content":{"rendered":"\n<p>La instituci\u00f3n que representa a m\u00e1s de 8.000 matriculados se sum\u00f3 al rechazo al nuevo acuerdo propuesto por el Ejecutivo para extender el mandato del magistrado, que ya cumpli\u00f3 seis a\u00f1os en funciones.<\/p>\n\n\n\n<p>El procedimiento participativo convocado por el Ministerio de Seguridad y Justicia para evaluar la eventual continuidad de&nbsp;Pablo L\u00f3pez Vi\u00f1als&nbsp;como juez de la Corte de Justicia de Salta sum\u00f3 una nueva y dura objeci\u00f3n.<\/p>\n\n\n\n<p>Esta vez fue el&nbsp;Colegio de Abogados y Procuradores de Salta,&nbsp;quien expres\u00f3 su rechazo institucional a la postulaci\u00f3n, argumentando que la renovaci\u00f3n del mandato implicar\u00eda una violaci\u00f3n expresa al art\u00edculo 156 de la Constituci\u00f3n reformada en 2021.<\/p>\n\n\n\n<p>En una carta enviada al ministro Gaspar Sol\u00e1 Usandivaras, la entidad presidida por&nbsp;Sergio Daniel D\u00edaz Lenes&nbsp;remarc\u00f3 que la reforma constitucional de 2021 estableci\u00f3 que los jueces de la Corte deben ejercer por diez a\u00f1os y que ese mandato&nbsp;no puede ser renovado. Seg\u00fan el Colegio, este l\u00edmite fue pensado para \u201cpreservar la independencia judicial, impedir la consolidaci\u00f3n de poderes personales y asegurar la alternancia institucional\u201d.<\/p>\n\n\n\n<p>El escrito advirti\u00f3 que renovar el mandato de L\u00f3pez Vi\u00f1als, quien ya lleva seis a\u00f1os en funciones, \u201csuperar\u00eda ampliamente el l\u00edmite temporal\u201d fijado por la norma, generando una incompatibilidad con la voluntad del constituyente.<\/p>\n","protected":false},"excerpt":{"rendered":"<p>La instituci\u00f3n que representa a m\u00e1s de 8.000 matriculados se sum\u00f3 al rechazo al nuevo acuerdo propuesto por el Ejecutivo para extender el mandato del magistrado, que ya cumpli\u00f3 seis a\u00f1os en funciones. El procedimiento participativo convocado por el Ministerio de Seguridad y Justicia para evaluar la eventual continuidad de&nbsp;Pablo L\u00f3pez Vi\u00f1als&nbsp;como juez de la [&hellip;]<\/p>\n","protected":false},"author":2,"featured_media":95308,"comment_status":"open","ping_status":"open","sticky":false,"template":"","format":"standard","meta":{"tdm_status":"","tdm_grid_status":"","_joinchat":[],"footnotes":""},"categories":[59],"tags":[],"class_list":{"0":"post-95307","1":"post","2":"type-post","3":"status-publish","4":"format-standard","5":"has-post-thumbnail","7":"category-politica"},"amp_enabled":true,"_links":{"self":[{"href":"https:\/\/www.todoeldia.com\/index.php\/wp-json\/wp\/v2\/posts\/95307","targetHints":{"allow":["GET"]}}],"collection":[{"href":"https:\/\/www.todoeldia.com\/index.php\/wp-json\/wp\/v2\/posts"}],"about":[{"href":"https:\/\/www.todoeldia.com\/index.php\/wp-json\/wp\/v2\/types\/post"}],"author":[{"embeddable":true,"href":"https:\/\/www.todoeldia.com\/index.php\/wp-json\/wp\/v2\/users\/2"}],"replies":[{"embeddable":true,"href":"https:\/\/www.todoeldia.com\/index.php\/wp-json\/wp\/v2\/comments?post=95307"}],"version-history":[{"count":1,"href":"https:\/\/www.todoeldia.com\/index.php\/wp-json\/wp\/v2\/posts\/95307\/revisions"}],"predecessor-version":[{"id":95309,"href":"https:\/\/www.todoeldia.com\/index.php\/wp-json\/wp\/v2\/posts\/95307\/revisions\/95309"}],"wp:featuredmedia":[{"embeddable":true,"href":"https:\/\/www.todoeldia.com\/index.php\/wp-json\/wp\/v2\/media\/95308"}],"wp:attachment":[{"href":"https:\/\/www.todoeldia.com\/index.php\/wp-json\/wp\/v2\/media?parent=95307"}],"wp:term":[{"taxonomy":"category","embeddable":true,"href":"https:\/\/www.todoeldia.com\/index.php\/wp-json\/wp\/v2\/categories?post=95307"},{"taxonomy":"post_tag","embeddable":true,"href":"https:\/\/www.todoeldia.com\/index.php\/wp-json\/wp\/v2\/tags?post=95307"}],"curies":[{"name":"wp","href":"https:\/\/api.w.org\/{rel}","templated":true}]}}