{"id":95316,"date":"2025-05-20T10:21:01","date_gmt":"2025-05-20T13:21:01","guid":{"rendered":"https:\/\/www.todoeldia.com\/?p=95316"},"modified":"2025-05-20T10:21:02","modified_gmt":"2025-05-20T13:21:02","slug":"detuvieron-a-los-cordobeses-que-estafaron-a-2-abuelos-de-metan","status":"publish","type":"post","link":"https:\/\/www.todoeldia.com\/index.php\/2025\/05\/20\/detuvieron-a-los-cordobeses-que-estafaron-a-2-abuelos-de-metan\/","title":{"rendered":"Detuvieron a los cordobeses que estafaron a 2 abuelos de Metan"},"content":{"rendered":"\n<p>Se trata de un hombre y una mujer, ambos oriundos de C\u00f3rdoba, quienes fueron identificados como quienes, mediante enga\u00f1os, se habr\u00edan apoderado ileg\u00edtimamente de dinero de dos personas, usando la modalidad virtual.<\/p>\n\n\n\n<p>El fiscal penal 2 de Met\u00e1n, Gonzalo G\u00f3mez Amado, imput\u00f3 de forma provisional a una mujer de 26 a\u00f1os y a un hombre de 27 a\u00f1os como autores del delito de estafa inform\u00e1tica.<\/p>\n\n\n\n<p>Tras la audiencia de imputaci\u00f3n, donde fueron asistidos por defensa particular, desde la Fiscal\u00eda se solicit\u00f3 al Juzgado de Garant\u00edas interviniente, la continuidad de su detenci\u00f3n.<\/p>\n\n\n\n<p>La investigaci\u00f3n de la Fiscal\u00eda se inici\u00f3 tras denuncias realizadas por dos abuelos de Metan, quienes fueron v\u00edctimas de estafas inform\u00e1ticas. Recibieron llamados de personas desconocidas que, asumiendo identidades falsas, los indujeron al error mediante enga\u00f1os, logrando as\u00ed apoderarse de dinero de una cuenta bancaria y contraer un pr\u00e9stamo a partir de otra.<\/p>\n\n\n\n<p>El trabajo del personal de la Brigada de Investigaciones permiti\u00f3 individualizar a dos hermanos oriundos de la ciudad de Alta Gracia, C\u00f3rdoba, como sospechosos.&nbsp; Con la colaboraci\u00f3n de la Polic\u00eda de esa provincia, fueron detenidos durante un allanamiento realizado en su domicilio. Tras cumplirse los tr\u00e1mites procesales pertinentes, fueron trasladados a la ciudad de Met\u00e1n, donde se les imputaron los cargos correspondientes.<\/p>\n","protected":false},"excerpt":{"rendered":"<p>Se trata de un hombre y una mujer, ambos oriundos de C\u00f3rdoba, quienes fueron identificados como quienes, mediante enga\u00f1os, se habr\u00edan apoderado ileg\u00edtimamente de dinero de dos personas, usando la modalidad virtual. El fiscal penal 2 de Met\u00e1n, Gonzalo G\u00f3mez Amado, imput\u00f3 de forma provisional a una mujer de 26 a\u00f1os y a un hombre [&hellip;]<\/p>\n","protected":false},"author":2,"featured_media":30080,"comment_status":"open","ping_status":"open","sticky":false,"template":"","format":"standard","meta":{"tdm_status":"","tdm_grid_status":"","_joinchat":[],"footnotes":""},"categories":[63],"tags":[],"class_list":{"0":"post-95316","1":"post","2":"type-post","3":"status-publish","4":"format-standard","5":"has-post-thumbnail","7":"category-policiales"},"amp_enabled":true,"_links":{"self":[{"href":"https:\/\/www.todoeldia.com\/index.php\/wp-json\/wp\/v2\/posts\/95316","targetHints":{"allow":["GET"]}}],"collection":[{"href":"https:\/\/www.todoeldia.com\/index.php\/wp-json\/wp\/v2\/posts"}],"about":[{"href":"https:\/\/www.todoeldia.com\/index.php\/wp-json\/wp\/v2\/types\/post"}],"author":[{"embeddable":true,"href":"https:\/\/www.todoeldia.com\/index.php\/wp-json\/wp\/v2\/users\/2"}],"replies":[{"embeddable":true,"href":"https:\/\/www.todoeldia.com\/index.php\/wp-json\/wp\/v2\/comments?post=95316"}],"version-history":[{"count":1,"href":"https:\/\/www.todoeldia.com\/index.php\/wp-json\/wp\/v2\/posts\/95316\/revisions"}],"predecessor-version":[{"id":95317,"href":"https:\/\/www.todoeldia.com\/index.php\/wp-json\/wp\/v2\/posts\/95316\/revisions\/95317"}],"wp:featuredmedia":[{"embeddable":true,"href":"https:\/\/www.todoeldia.com\/index.php\/wp-json\/wp\/v2\/media\/30080"}],"wp:attachment":[{"href":"https:\/\/www.todoeldia.com\/index.php\/wp-json\/wp\/v2\/media?parent=95316"}],"wp:term":[{"taxonomy":"category","embeddable":true,"href":"https:\/\/www.todoeldia.com\/index.php\/wp-json\/wp\/v2\/categories?post=95316"},{"taxonomy":"post_tag","embeddable":true,"href":"https:\/\/www.todoeldia.com\/index.php\/wp-json\/wp\/v2\/tags?post=95316"}],"curies":[{"name":"wp","href":"https:\/\/api.w.org\/{rel}","templated":true}]}}