{"id":95386,"date":"2025-05-20T15:06:36","date_gmt":"2025-05-20T18:06:36","guid":{"rendered":"https:\/\/www.todoeldia.com\/?p=95386"},"modified":"2025-05-20T15:08:04","modified_gmt":"2025-05-20T18:08:04","slug":"esta-detenido-una-nena-le-conto-a-la-madre-que-un-hombre-en-moto-le-ofrecio-llevarla-a-pasear","status":"publish","type":"post","link":"https:\/\/www.todoeldia.com\/index.php\/2025\/05\/20\/esta-detenido-una-nena-le-conto-a-la-madre-que-un-hombre-en-moto-le-ofrecio-llevarla-a-pasear\/","title":{"rendered":"Esta detenido: una nena le cont\u00f3 a la madre que un hombre en moto le ofreci\u00f3 llevarla a pasear"},"content":{"rendered":"\n<p>El viernes pasado la polic\u00eda en nuestra ciudad, registr\u00f3 la denuncia de una mam\u00e1 qu\u00e9, de acuerdo al relato de su hija de 11 a\u00f1os, en la calle un sujeto en motocicleta le ofreci\u00f3 dinero para llevarla a \u201cDar un paseo\u201d. Con las caracter\u00edsticas aportadas, se logr\u00f3 encontrar al hombre y est\u00e1 detenido. No es la primera vez que ocurre esta situaci\u00f3n.&nbsp;<\/p>\n\n\n\n<p>Seg\u00fan se pudo conocer, la nena ingreso a la casa y cont\u00f3 a su madre que un sujeto la quiso subir a una motocicleta color rojo y blanco, para \u201cdar un paseo\u201d, ofreci\u00e9ndole plata en el intento de convencerla.<\/p>\n\n\n\n<p>Con la escena perfectamente descripta por la menor de 11 a\u00f1os, la madre acudi\u00f3 a la polic\u00eda alertando el hecho y con las caracter\u00edsticas del sujeto, se pudo dar con el mismo.<\/p>\n\n\n\n<p>El acusado permanece detenido y desde la polic\u00eda piden a los padres tener cuidado con los chicos en la calle, advirtiendo que no es la primera vez que esto sucede en Or\u00e1n.<\/p>\n\n\n\n<p>Or\u00e1n al Momento<\/p>\n\n\n\n<p><\/p>\n","protected":false},"excerpt":{"rendered":"<p>El viernes pasado la polic\u00eda en nuestra ciudad, registr\u00f3 la denuncia de una mam\u00e1 qu\u00e9, de acuerdo al relato de su hija de 11 a\u00f1os, en la calle un sujeto en motocicleta le ofreci\u00f3 dinero para llevarla a \u201cDar un paseo\u201d. Con las caracter\u00edsticas aportadas, se logr\u00f3 encontrar al hombre y est\u00e1 detenido. No es [&hellip;]<\/p>\n","protected":false},"author":2,"featured_media":78092,"comment_status":"open","ping_status":"open","sticky":false,"template":"","format":"standard","meta":{"tdm_status":"","tdm_grid_status":"","_joinchat":[],"footnotes":""},"categories":[63],"tags":[],"class_list":{"0":"post-95386","1":"post","2":"type-post","3":"status-publish","4":"format-standard","5":"has-post-thumbnail","7":"category-policiales"},"amp_enabled":true,"_links":{"self":[{"href":"https:\/\/www.todoeldia.com\/index.php\/wp-json\/wp\/v2\/posts\/95386","targetHints":{"allow":["GET"]}}],"collection":[{"href":"https:\/\/www.todoeldia.com\/index.php\/wp-json\/wp\/v2\/posts"}],"about":[{"href":"https:\/\/www.todoeldia.com\/index.php\/wp-json\/wp\/v2\/types\/post"}],"author":[{"embeddable":true,"href":"https:\/\/www.todoeldia.com\/index.php\/wp-json\/wp\/v2\/users\/2"}],"replies":[{"embeddable":true,"href":"https:\/\/www.todoeldia.com\/index.php\/wp-json\/wp\/v2\/comments?post=95386"}],"version-history":[{"count":3,"href":"https:\/\/www.todoeldia.com\/index.php\/wp-json\/wp\/v2\/posts\/95386\/revisions"}],"predecessor-version":[{"id":95389,"href":"https:\/\/www.todoeldia.com\/index.php\/wp-json\/wp\/v2\/posts\/95386\/revisions\/95389"}],"wp:featuredmedia":[{"embeddable":true,"href":"https:\/\/www.todoeldia.com\/index.php\/wp-json\/wp\/v2\/media\/78092"}],"wp:attachment":[{"href":"https:\/\/www.todoeldia.com\/index.php\/wp-json\/wp\/v2\/media?parent=95386"}],"wp:term":[{"taxonomy":"category","embeddable":true,"href":"https:\/\/www.todoeldia.com\/index.php\/wp-json\/wp\/v2\/categories?post=95386"},{"taxonomy":"post_tag","embeddable":true,"href":"https:\/\/www.todoeldia.com\/index.php\/wp-json\/wp\/v2\/tags?post=95386"}],"curies":[{"name":"wp","href":"https:\/\/api.w.org\/{rel}","templated":true}]}}