{"id":95403,"date":"2025-05-21T12:13:20","date_gmt":"2025-05-21T15:13:20","guid":{"rendered":"https:\/\/www.todoeldia.com\/?p=95403"},"modified":"2025-05-21T12:13:21","modified_gmt":"2025-05-21T15:13:21","slug":"la-municipalidad-de-metan-mira-para-otro-lado-un-caballo-se-desplomo-tirando-un-carro-con-escombros","status":"publish","type":"post","link":"https:\/\/www.todoeldia.com\/index.php\/2025\/05\/21\/la-municipalidad-de-metan-mira-para-otro-lado-un-caballo-se-desplomo-tirando-un-carro-con-escombros\/","title":{"rendered":"\u00a1La Municipalidad de Metan mira para otro lado! Un caballo se desplom\u00f3 tirando un carro con escombros"},"content":{"rendered":"\n<p>El desplome de un caballo en plena v\u00eda p\u00fablica mientras realizaba tareas de carga en Met\u00e1n volvi\u00f3 a encender las alarmas sobre el uso de la tracci\u00f3n a sangre.<\/p>\n\n\n\n<p>El video del animal tendido gener\u00f3 indignaci\u00f3n entre vecinos y proteccionistas, quienes exigen medidas urgentes y la prohibici\u00f3n definitiva de esta pr\u00e1ctica en la ciudad.<\/p>\n\n\n\n<p>Un nuevo caso de maltrato animal ocurrido en la tarde del martes volvi\u00f3 a encender el debate sobre la utilizaci\u00f3n de la tracci\u00f3n a sangre en la ciudad de Met\u00e1n.<\/p>\n\n\n\n<p>El hecho se registr\u00f3 en inmediaciones de las calles Coronel Vidt y San Mart\u00edn, cuando un caballo que transportaba escombros se desplom\u00f3 en plena v\u00eda p\u00fablica, presuntamente por el esfuerzo excesivo al que era sometido.<\/p>\n\n\n\n<p>El animal estaba siendo utilizado para realizar fletes, contratado por un particular. La escena fue grabada por testigos y r\u00e1pidamente se viraliz\u00f3 en redes sociales, generando una fuerte reacci\u00f3n de vecinos y proteccionistas, quienes denunciaron una vez m\u00e1s las condiciones de explotaci\u00f3n a las que son sometidos estos animales.<\/p>\n\n\n\n<p>Marisol Luna, proteccionista y fundadora de la Red Legado Apalucha, repudi\u00f3 el hecho p\u00fablicamente. En su publicaci\u00f3n en redes expres\u00f3: \u201c\u00a1Basta de tracci\u00f3n a sangre, Dios m\u00edo! \u00bfAlguna ordenanza ya? \u00a1Esto es maltrato animal! \u00bfTanta indiferencia para conmigo y mi pedido? \u00bfNo ven la realidad? Municipio ausente. Esto es Met\u00e1n y me duele el alma ver esos animales as\u00ed.\u201d<\/p>\n\n\n\n<p>Luna adelant\u00f3 que junto al Frente Animalista de Salta organizar\u00e1n una marcha en Met\u00e1n en los primeros d\u00edas de junio, con el objetivo de exigir a las autoridades municipales la prohibici\u00f3n de la tracci\u00f3n a sangre. Cabe destacar que esta misma agrupaci\u00f3n logr\u00f3, durante la gesti\u00f3n de Gustavo S\u00e1enz como intendente, que se prohibiera esta pr\u00e1ctica en Salta Capital.<\/p>\n\n\n\n<p>\u201cExiste una Ley Nacional Penal, la N\u00b0 14.346 de Crueldad Animal. A eso se suma la cantidad de normas de tr\u00e1nsito y viales que se est\u00e1n violando. \u00a1Basta de tanto abuso!\u201d, remarc\u00f3 la activista.<\/p>\n\n\n\n<p>A su vez, la vecina Eliana Teseyra, tambi\u00e9n comprometida con la causa, manifest\u00f3 su indignaci\u00f3n: \u201c\u00bfHasta cu\u00e1ndo pensamos seguir siendo c\u00f3mplices del maltrato? \u00bfEs necesario cargarlos de esa manera? \u00bfPegarles? \u00bfEmpujarlos? \u00bfObligarlos a seguir? Estoy harta de salir a la calle y presenciar maltrato. Cuando necesiten cargar escombros o lo que sea, me escriben, les paso el n\u00famero de infinidad de fletes que hay en Met\u00e1n. \u00a1Dejemos de fomentar la tracci\u00f3n a sangre! \u00a1No seamos tan mierdas como sociedad!\u201d<\/p>\n\n\n\n<p>Este nuevo episodio se suma a una larga lista de denuncias por parte de vecinos y organizaciones animalistas, que desde hace a\u00f1os vienen solicitando una regulaci\u00f3n concreta para terminar con el uso de animales para el transporte de cargas, especialmente en condiciones inadecuadas.<\/p>\n\n\n\n<p>El Vocero de Metan<\/p>\n","protected":false},"excerpt":{"rendered":"<p>El desplome de un caballo en plena v\u00eda p\u00fablica mientras realizaba tareas de carga en Met\u00e1n volvi\u00f3 a encender las alarmas sobre el uso de la tracci\u00f3n a sangre. El video del animal tendido gener\u00f3 indignaci\u00f3n entre vecinos y proteccionistas, quienes exigen medidas urgentes y la prohibici\u00f3n definitiva de esta pr\u00e1ctica en la ciudad. Un [&hellip;]<\/p>\n","protected":false},"author":2,"featured_media":95404,"comment_status":"open","ping_status":"open","sticky":false,"template":"","format":"standard","meta":{"tdm_status":"","tdm_grid_status":"","_joinchat":[],"footnotes":""},"categories":[73],"tags":[],"class_list":{"0":"post-95403","1":"post","2":"type-post","3":"status-publish","4":"format-standard","5":"has-post-thumbnail","7":"category-noticias-general"},"amp_enabled":true,"_links":{"self":[{"href":"https:\/\/www.todoeldia.com\/index.php\/wp-json\/wp\/v2\/posts\/95403","targetHints":{"allow":["GET"]}}],"collection":[{"href":"https:\/\/www.todoeldia.com\/index.php\/wp-json\/wp\/v2\/posts"}],"about":[{"href":"https:\/\/www.todoeldia.com\/index.php\/wp-json\/wp\/v2\/types\/post"}],"author":[{"embeddable":true,"href":"https:\/\/www.todoeldia.com\/index.php\/wp-json\/wp\/v2\/users\/2"}],"replies":[{"embeddable":true,"href":"https:\/\/www.todoeldia.com\/index.php\/wp-json\/wp\/v2\/comments?post=95403"}],"version-history":[{"count":1,"href":"https:\/\/www.todoeldia.com\/index.php\/wp-json\/wp\/v2\/posts\/95403\/revisions"}],"predecessor-version":[{"id":95405,"href":"https:\/\/www.todoeldia.com\/index.php\/wp-json\/wp\/v2\/posts\/95403\/revisions\/95405"}],"wp:featuredmedia":[{"embeddable":true,"href":"https:\/\/www.todoeldia.com\/index.php\/wp-json\/wp\/v2\/media\/95404"}],"wp:attachment":[{"href":"https:\/\/www.todoeldia.com\/index.php\/wp-json\/wp\/v2\/media?parent=95403"}],"wp:term":[{"taxonomy":"category","embeddable":true,"href":"https:\/\/www.todoeldia.com\/index.php\/wp-json\/wp\/v2\/categories?post=95403"},{"taxonomy":"post_tag","embeddable":true,"href":"https:\/\/www.todoeldia.com\/index.php\/wp-json\/wp\/v2\/tags?post=95403"}],"curies":[{"name":"wp","href":"https:\/\/api.w.org\/{rel}","templated":true}]}}