{"id":95412,"date":"2025-05-21T12:45:35","date_gmt":"2025-05-21T15:45:35","guid":{"rendered":"https:\/\/www.todoeldia.com\/?p=95412"},"modified":"2025-05-21T12:45:36","modified_gmt":"2025-05-21T15:45:36","slug":"segun-estudios-del-cif-el-menor-que-conducia-el-auto-en-el-accidente-que-mato-a-ruiz-no-tenia-alcohol-en-sangre","status":"publish","type":"post","link":"https:\/\/www.todoeldia.com\/index.php\/2025\/05\/21\/segun-estudios-del-cif-el-menor-que-conducia-el-auto-en-el-accidente-que-mato-a-ruiz-no-tenia-alcohol-en-sangre\/","title":{"rendered":"Seg\u00fan estudios del CIF, el menor que conduc\u00eda el auto en el accidente que mat\u00f3 a Ruiz no ten\u00eda alcohol en sangre"},"content":{"rendered":"\n<p>Los an\u00e1lisis toxicol\u00f3gicos realizados por el Cuerpo de Investigaciones Fiscales (CIF) confirmaron que el adolescente de 15 a\u00f1os que conduc\u00eda el autom\u00f3vil Nissan Note en el choque que le cost\u00f3 la vida a Eugenio \u201cPitu\u201d Ruiz no ten\u00eda rastros de alcohol ni drogas en sangre.<\/p>\n\n\n\n<p>El dolor persiste en la comunidad de San Jos\u00e9 de Met\u00e1n tras el tr\u00e1gico accidente ocurrido en la madrugada del domingo 4 de mayo, en el que Eugenio Pedro \u201cPitu\u201d Ruiz, de 20 a\u00f1os, perdi\u00f3 la vida al ser embestido por un autom\u00f3vil conducido por un menor de 15 a\u00f1os.<\/p>\n\n\n\n<p>El fatal choque tuvo lugar en la intersecci\u00f3n de las calles La Paz y San Juan, en el barrio Granadero D\u00edaz. Eugenio circulaba en su motocicleta cuando fue impactado violentamente por un autom\u00f3vil Nissan Note, que, seg\u00fan testigos, circulaba a alta velocidad. El impacto fue tan fuerte que la motocicleta fue arrastrada m\u00e1s de 60 metros, y el joven falleci\u00f3 en el acto debido a los politraumatismos sufridos.<\/p>\n\n\n\n<p>Por disposici\u00f3n del juez de la causa, Ram\u00f3n Haddad, el menor, que seg\u00fan la ley es inimputable, permanece alojado en un Centro de Menores.<\/p>\n\n\n\n<p>La tragedia ha generado una profunda conmoci\u00f3n en Met\u00e1n. Familiares, amigos y vecinos de Eugenio han realizado marchas pac\u00edficas para exigir justicia y conciencia vial. Una de las manifestaciones m\u00e1s significativas se llev\u00f3 a cabo el viernes 9 de mayo, donde los participantes se congregaron frente a la municipalidad y marcharon hasta las puertas de tribunales, portando pancartas con mensajes como \u201cJusticia por Pitu\u201d y \u201cSu vida importa\u201d.<\/p>\n\n\n\n<p>Evelia, la madre de Eugenio, expres\u00f3 su dolor y determinaci\u00f3n en las redes sociales: \u201cVoy a seguir pidiendo Justicia por mi amor grandote, me destrozaron una parte de mi coraz\u00f3n, nos destruyeron, pero vamos a seguir hasta el final. No hay d\u00eda, hora, minuto, segundo que no nos acordemos de la personita m\u00e1s amorosa, de mi amorcito, del que siempre te daba y demostraba cari\u00f1o. Por eso y por todo lo que nos qued\u00f3 por vivir, vamos a seguir. Te amamos, mi amor grandote, Pitu, mi hijito, chiquito, mi primer gran amor.\u201d<\/p>\n\n\n\n<p>El caso ha reavivado el debate sobre la responsabilidad de los adultos al permitir que menores conduzcan veh\u00edculos y la necesidad de un mayor control del tr\u00e1nsito, especialmente durante los fines de semana. Vecinos han se\u00f1alado la falta de controles y la importancia de que las autoridades tomen medidas para evitar que tragedias como esta se repitan.<\/p>\n\n\n\n<p>La comunidad de Met\u00e1n contin\u00faa unida en el dolor y la exigencia de justicia por Eugenio \u201cPitu\u201d Ruiz, esperando que su muerte no quede impune y que se tomen acciones concretas para prevenir futuros siniestros viales.<\/p>\n\n\n\n<p>El Vocero<\/p>\n","protected":false},"excerpt":{"rendered":"<p>Los an\u00e1lisis toxicol\u00f3gicos realizados por el Cuerpo de Investigaciones Fiscales (CIF) confirmaron que el adolescente de 15 a\u00f1os que conduc\u00eda el autom\u00f3vil Nissan Note en el choque que le cost\u00f3 la vida a Eugenio \u201cPitu\u201d Ruiz no ten\u00eda rastros de alcohol ni drogas en sangre. El dolor persiste en la comunidad de San Jos\u00e9 de [&hellip;]<\/p>\n","protected":false},"author":2,"featured_media":95413,"comment_status":"open","ping_status":"open","sticky":false,"template":"","format":"standard","meta":{"tdm_status":"","tdm_grid_status":"","_joinchat":[],"footnotes":""},"categories":[63],"tags":[],"class_list":{"0":"post-95412","1":"post","2":"type-post","3":"status-publish","4":"format-standard","5":"has-post-thumbnail","7":"category-policiales"},"amp_enabled":true,"_links":{"self":[{"href":"https:\/\/www.todoeldia.com\/index.php\/wp-json\/wp\/v2\/posts\/95412","targetHints":{"allow":["GET"]}}],"collection":[{"href":"https:\/\/www.todoeldia.com\/index.php\/wp-json\/wp\/v2\/posts"}],"about":[{"href":"https:\/\/www.todoeldia.com\/index.php\/wp-json\/wp\/v2\/types\/post"}],"author":[{"embeddable":true,"href":"https:\/\/www.todoeldia.com\/index.php\/wp-json\/wp\/v2\/users\/2"}],"replies":[{"embeddable":true,"href":"https:\/\/www.todoeldia.com\/index.php\/wp-json\/wp\/v2\/comments?post=95412"}],"version-history":[{"count":1,"href":"https:\/\/www.todoeldia.com\/index.php\/wp-json\/wp\/v2\/posts\/95412\/revisions"}],"predecessor-version":[{"id":95414,"href":"https:\/\/www.todoeldia.com\/index.php\/wp-json\/wp\/v2\/posts\/95412\/revisions\/95414"}],"wp:featuredmedia":[{"embeddable":true,"href":"https:\/\/www.todoeldia.com\/index.php\/wp-json\/wp\/v2\/media\/95413"}],"wp:attachment":[{"href":"https:\/\/www.todoeldia.com\/index.php\/wp-json\/wp\/v2\/media?parent=95412"}],"wp:term":[{"taxonomy":"category","embeddable":true,"href":"https:\/\/www.todoeldia.com\/index.php\/wp-json\/wp\/v2\/categories?post=95412"},{"taxonomy":"post_tag","embeddable":true,"href":"https:\/\/www.todoeldia.com\/index.php\/wp-json\/wp\/v2\/tags?post=95412"}],"curies":[{"name":"wp","href":"https:\/\/api.w.org\/{rel}","templated":true}]}}