{"id":95417,"date":"2025-05-21T13:56:22","date_gmt":"2025-05-21T16:56:22","guid":{"rendered":"https:\/\/www.todoeldia.com\/?p=95417"},"modified":"2025-05-21T13:56:23","modified_gmt":"2025-05-21T16:56:23","slug":"buscan-en-iruya-a-un-hombre-que-desaparecio-el-8-de-mayo","status":"publish","type":"post","link":"https:\/\/www.todoeldia.com\/index.php\/2025\/05\/21\/buscan-en-iruya-a-un-hombre-que-desaparecio-el-8-de-mayo\/","title":{"rendered":"Buscan en Iruya a un hombre que desapareci\u00f3 el 8 de mayo"},"content":{"rendered":"\n<p>Se trata de un hombre de 29 a\u00f1os, que falta a su hogar desde el pasado 8 de mayo. Este mi\u00e9rcoles se realiz\u00f3 una reuni\u00f3n multidisciplinaria con miembros de la Polic\u00eda de la Provincia para coordinar tareas operativas tendientes a su localizaci\u00f3n.<\/p>\n\n\n\n<p>Fernando Jos\u00e9 Rodr\u00edguez, de 29 a\u00f1os, falta de su hogar, ubicado en el paraje R\u00edo Grande, Iruya, desde el pasado 8 de mayo.<\/p>\n\n\n\n<figure class=\"wp-block-image size-full is-resized\"><img loading=\"lazy\" decoding=\"async\" width=\"886\" height=\"618\" src=\"https:\/\/www.todoeldia.com\/wp-content\/uploads\/2021\/04\/iruya-1.jpg\" alt=\"\" class=\"wp-image-20324\" style=\"width:1055px;height:auto\" srcset=\"https:\/\/www.todoeldia.com\/wp-content\/uploads\/2021\/04\/iruya-1.jpg 886w, https:\/\/www.todoeldia.com\/wp-content\/uploads\/2021\/04\/iruya-1-300x209.jpg 300w, https:\/\/www.todoeldia.com\/wp-content\/uploads\/2021\/04\/iruya-1-768x536.jpg 768w, https:\/\/www.todoeldia.com\/wp-content\/uploads\/2021\/04\/iruya-1-696x485.jpg 696w, https:\/\/www.todoeldia.com\/wp-content\/uploads\/2021\/04\/iruya-1-602x420.jpg 602w, https:\/\/www.todoeldia.com\/wp-content\/uploads\/2021\/04\/iruya-1-100x70.jpg 100w\" sizes=\"auto, (max-width: 886px) 100vw, 886px\" \/><\/figure>\n\n\n\n<p>Fue visto por \u00faltima vez el 9 de mayo en el paraje Chiyayoc, Iruya y la denuncia fue radicada el d\u00eda 11 de mayo.<\/p>\n\n\n\n<p>En este contexto, este mi\u00e9rcoles se concret\u00f3 una reuni\u00f3n con miembros de distintas \u00e1reas de la Polic\u00eda de la Provincia para coordinar tareas espec\u00edficas tendientes a ubicar su paradero, en una zona caracterizada por una geograf\u00eda complicada.<\/p>\n\n\n\n<p>Fernando Jos\u00e9 Rodr\u00edguez tiene complexi\u00f3n media, tez morena oscura, 1.70 metros de estatura aproximadamente, y cabello corto color negro. Al momento de ausentarse vest\u00eda pantal\u00f3n deportivo color negro y buzo canguro color lila.<\/p>\n","protected":false},"excerpt":{"rendered":"<p>Se trata de un hombre de 29 a\u00f1os, que falta a su hogar desde el pasado 8 de mayo. Este mi\u00e9rcoles se realiz\u00f3 una reuni\u00f3n multidisciplinaria con miembros de la Polic\u00eda de la Provincia para coordinar tareas operativas tendientes a su localizaci\u00f3n. Fernando Jos\u00e9 Rodr\u00edguez, de 29 a\u00f1os, falta de su hogar, ubicado en el [&hellip;]<\/p>\n","protected":false},"author":2,"featured_media":95418,"comment_status":"open","ping_status":"open","sticky":false,"template":"","format":"standard","meta":{"tdm_status":"","tdm_grid_status":"","_joinchat":[],"footnotes":""},"categories":[63],"tags":[],"class_list":{"0":"post-95417","1":"post","2":"type-post","3":"status-publish","4":"format-standard","5":"has-post-thumbnail","7":"category-policiales"},"amp_enabled":true,"_links":{"self":[{"href":"https:\/\/www.todoeldia.com\/index.php\/wp-json\/wp\/v2\/posts\/95417","targetHints":{"allow":["GET"]}}],"collection":[{"href":"https:\/\/www.todoeldia.com\/index.php\/wp-json\/wp\/v2\/posts"}],"about":[{"href":"https:\/\/www.todoeldia.com\/index.php\/wp-json\/wp\/v2\/types\/post"}],"author":[{"embeddable":true,"href":"https:\/\/www.todoeldia.com\/index.php\/wp-json\/wp\/v2\/users\/2"}],"replies":[{"embeddable":true,"href":"https:\/\/www.todoeldia.com\/index.php\/wp-json\/wp\/v2\/comments?post=95417"}],"version-history":[{"count":1,"href":"https:\/\/www.todoeldia.com\/index.php\/wp-json\/wp\/v2\/posts\/95417\/revisions"}],"predecessor-version":[{"id":95419,"href":"https:\/\/www.todoeldia.com\/index.php\/wp-json\/wp\/v2\/posts\/95417\/revisions\/95419"}],"wp:featuredmedia":[{"embeddable":true,"href":"https:\/\/www.todoeldia.com\/index.php\/wp-json\/wp\/v2\/media\/95418"}],"wp:attachment":[{"href":"https:\/\/www.todoeldia.com\/index.php\/wp-json\/wp\/v2\/media?parent=95417"}],"wp:term":[{"taxonomy":"category","embeddable":true,"href":"https:\/\/www.todoeldia.com\/index.php\/wp-json\/wp\/v2\/categories?post=95417"},{"taxonomy":"post_tag","embeddable":true,"href":"https:\/\/www.todoeldia.com\/index.php\/wp-json\/wp\/v2\/tags?post=95417"}],"curies":[{"name":"wp","href":"https:\/\/api.w.org\/{rel}","templated":true}]}}