{"id":95420,"date":"2025-05-21T14:16:36","date_gmt":"2025-05-21T17:16:36","guid":{"rendered":"https:\/\/www.todoeldia.com\/?p=95420"},"modified":"2025-05-21T14:21:39","modified_gmt":"2025-05-21T17:21:39","slug":"gustavo-saenz-mauricio-macri-y-cristina-kirchner-quieren-que-caiga-el-gobierno","status":"publish","type":"post","link":"https:\/\/www.todoeldia.com\/index.php\/2025\/05\/21\/gustavo-saenz-mauricio-macri-y-cristina-kirchner-quieren-que-caiga-el-gobierno\/","title":{"rendered":"Gustavo S\u00e1enz: \u201cMauricio Macri y Cristina Kirchner quieren que caiga el gobierno\u201d"},"content":{"rendered":"\n<p>\u201cLa gente vot\u00f3 claramente que no quiere m\u00e1s a ninguno de los dos\u201d, asegur\u00f3 el gobernador de Salta en Infobae en Vivo sobre los ex presidentes.<\/p>\n\n\n\n<p>El gobernador de la provincia de Salta, Gustavo S\u00e1enz, apunt\u00f3 contra los ex presidentes Mauricio Macri y Cristina Kirchner. \u201cQuieren que el gobierno caiga\u201d, dijo.<\/p>\n\n\n\n<p>Al ser consultado por la colaboraci\u00f3n que el PRO ha prestado al Gobierno para sancionar leyes y sostener vetos en el Congreso, el mandatario desarroll\u00f3: \u201cHa colaborado igual que nosotros, pero nosotros no estamos encima del presidente pidi\u00e9ndole ministros en la Corte, auditores, jueces y cargos\u201d.<\/p>\n\n\n\n<p>En la edici\u00f3n matutina de Infobae en Vivo, con la conducci\u00f3n Gonzalo S\u00e1nchez, Carolina Amoroso, Ram\u00f3n Indart y Cecilia Boufflet, S\u00e1enz record\u00f3 el Pacto de Mayo como \u201cuna linda foto\u201d y critic\u00f3 el hecho de que Macri se hubiera ofendido por el lugar que le dieron en el evento. En ese contexto, profundiz\u00f3 y asegur\u00f3 que ambos expresidentes \u201cse ofenden mucho\u201d.<\/p>\n\n\n\n<p>\u201cEn vez de ofenderse, deber\u00edan ponerse a trabajar. La gente vot\u00f3 claramente que no quieren m\u00e1s ni Macri ni Cristina\u201d, insisti\u00f3.<\/p>\n\n\n\n<p>\u201cTienen que entender que ac\u00e1 gobierna una sola persona. No pod\u00e9s pretender cogobernar como quisieron hacer con Alberto Fern\u00e1ndez o Macri ahora con Milei\u201d, remarc\u00f3 el dirigente.<\/p>\n","protected":false},"excerpt":{"rendered":"<p>\u201cLa gente vot\u00f3 claramente que no quiere m\u00e1s a ninguno de los dos\u201d, asegur\u00f3 el gobernador de Salta en Infobae en Vivo sobre los ex presidentes. El gobernador de la provincia de Salta, Gustavo S\u00e1enz, apunt\u00f3 contra los ex presidentes Mauricio Macri y Cristina Kirchner. \u201cQuieren que el gobierno caiga\u201d, dijo. Al ser consultado por [&hellip;]<\/p>\n","protected":false},"author":2,"featured_media":93001,"comment_status":"open","ping_status":"open","sticky":false,"template":"","format":"standard","meta":{"tdm_status":"","tdm_grid_status":"","_joinchat":[],"footnotes":""},"categories":[59],"tags":[],"class_list":{"0":"post-95420","1":"post","2":"type-post","3":"status-publish","4":"format-standard","5":"has-post-thumbnail","7":"category-politica"},"amp_enabled":true,"_links":{"self":[{"href":"https:\/\/www.todoeldia.com\/index.php\/wp-json\/wp\/v2\/posts\/95420","targetHints":{"allow":["GET"]}}],"collection":[{"href":"https:\/\/www.todoeldia.com\/index.php\/wp-json\/wp\/v2\/posts"}],"about":[{"href":"https:\/\/www.todoeldia.com\/index.php\/wp-json\/wp\/v2\/types\/post"}],"author":[{"embeddable":true,"href":"https:\/\/www.todoeldia.com\/index.php\/wp-json\/wp\/v2\/users\/2"}],"replies":[{"embeddable":true,"href":"https:\/\/www.todoeldia.com\/index.php\/wp-json\/wp\/v2\/comments?post=95420"}],"version-history":[{"count":1,"href":"https:\/\/www.todoeldia.com\/index.php\/wp-json\/wp\/v2\/posts\/95420\/revisions"}],"predecessor-version":[{"id":95421,"href":"https:\/\/www.todoeldia.com\/index.php\/wp-json\/wp\/v2\/posts\/95420\/revisions\/95421"}],"wp:featuredmedia":[{"embeddable":true,"href":"https:\/\/www.todoeldia.com\/index.php\/wp-json\/wp\/v2\/media\/93001"}],"wp:attachment":[{"href":"https:\/\/www.todoeldia.com\/index.php\/wp-json\/wp\/v2\/media?parent=95420"}],"wp:term":[{"taxonomy":"category","embeddable":true,"href":"https:\/\/www.todoeldia.com\/index.php\/wp-json\/wp\/v2\/categories?post=95420"},{"taxonomy":"post_tag","embeddable":true,"href":"https:\/\/www.todoeldia.com\/index.php\/wp-json\/wp\/v2\/tags?post=95420"}],"curies":[{"name":"wp","href":"https:\/\/api.w.org\/{rel}","templated":true}]}}