{"id":9563,"date":"2020-10-27T20:38:37","date_gmt":"2020-10-27T23:38:37","guid":{"rendered":"https:\/\/www.todoeldia.com\/?p=9563"},"modified":"2020-10-27T20:38:39","modified_gmt":"2020-10-27T23:38:39","slug":"coronavirus-argentina-se-aproxima-a-los-30-mil-muertos","status":"publish","type":"post","link":"https:\/\/www.todoeldia.com\/index.php\/2020\/10\/27\/coronavirus-argentina-se-aproxima-a-los-30-mil-muertos\/","title":{"rendered":"Coronavirus:  Argentina se aproxima a los 30 mil muertos"},"content":{"rendered":"\n<p>El ministerio de Salud P\u00fablica confirm\u00f3 4.308 contagios y 430 nuevas muertes en las \u00faltimas 24 horas<\/p>\n\n\n\n<p>El total de infectados asciende a 1.116.609 y las v\u00edctimas fatales suman 29.730<\/p>\n\n\n\n<p>El Ministerio de Salud de la Naci\u00f3n inform\u00f3 este martes que, durante las \u00faltimas 24 horas,&nbsp;se registraron 430 muertes y 14.308 nuevos casos positivos por coronavirus. Con estos datos, el total de infectados en todo el pa\u00eds asciende a 1.116.609 y las v\u00edctimas fatales suman 29.730.<\/p>\n\n\n\n<p>Del total de las muertes, 259 son hombres&nbsp;(107 de la provincia de Buenos Aires, 30 de la ciudad de Buenos Aires, cuatro de Chaco, 13 de Chubut, 19 de C\u00f3rdoba, cuatro de Entre R\u00edos, nueve de Jujuy, cinco de La Pampa, cinco de La Rioja, ocho de Mendoza, cinco de Neuqu\u00e9n, cinco de R\u00edo Negro, cinco de Salta, uno de San Juan, uno de San Luis, uno de Santa Cruz, 19 de Santa Fe, uno de Santiago del Estero, cinco de Tierra del Fuego y 12 de Tucum\u00e1n)&nbsp;y 169 mujeres&nbsp;(71 de la provincia de Buenos Aires, 17 de la ciudad de Buenos Aires, tres de Chaco, 12 de Chubut, 19 de C\u00f3rdoba, dos de Entre R\u00edos, dos de Jujuy, una de La Pampa, tres de La Rioja, cuatro de Mendoza, cinco de Neuqu\u00e9n, cuatro de R\u00edo Negro, cuatro de Salta, 10 de Santa Fe, uno de Tierra del Fuego y 11 de Tucum\u00e1n).<\/p>\n\n\n\n<p>De los 14.308 contagios,&nbsp;4.221 son de la provincia de Buenos Aires, 598 de la ciudad de Buenos Aires, 28 de Catamarca, 167 de Chaco, 318 de Chubut, 1.819 de C\u00f3rdoba, 17 de Corrientes, 395 de Entre R\u00edos, 3 de Formosa, 35 de Jujuy, 144 de La Pampa, 123 de La Rioja, 771 de Mendoza, 11 de Misiones, 414 de Neuqu\u00e9n, 461 de R\u00edo Negro, 156 de Salta, 40 de San Juan, 446 de San Luis, 91 de Santa Cruz, 2.235 de Santa Fe, 144 de Santiago del Estero y 231 de Tierra del Fuego.<\/p>\n\n\n\n<p>En las \u00faltimas 24 horas&nbsp;fueron realizados 32.847 testeos&nbsp;y desde el inicio del brote se realizaron 2.8882.949 pruebas diagn\u00f3sticas para esta enfermedad, lo que equivale a 63.533 muestras por mill\u00f3n de habitantes.<\/p>\n\n\n\n<p>Actualmente&nbsp;son 4.952 las personas que cursan la enfermedad en Unidades de Terapia Intensiva (UTI).&nbsp;El porcentaje de ocupaci\u00f3n total de camas para adultos en el pa\u00eds, m\u00e1s all\u00e1 de la dolencia que tenga el paciente, es de 63% en el \u00c1rea Metropolitana de Buenos Aires (AMBA) y 64,4% a nivel nacional.<\/p>\n\n\n\n<p>\u201cPara marzo del a\u00f1o que viene espero que est\u00e9 suministrada la vacuna a las personas que estamos en riesgo.&nbsp;Va a haber vacuna, estoy seguro que va a haber porque hay muchas avanzadas en fase 3\u201d, dijo el presidente Alberto Fern\u00e1ndez esta ma\u00f1ana, en di\u00e1logo con&nbsp;<em>Radio Metro<\/em>.<\/p>\n\n\n\n<p>En ese marco, el Presidente asegur\u00f3 que existen \u201cnegociaciones y acuerdos con todos porque lo que m\u00e1s nos interesa es que la primera vacuna que se pueda dar, se d\u00e9&#8221;.&nbsp;Y plante\u00f3: &#8220;Yo quisiera tener la vacuna cuanto antes para poder evitar nosotros esa segunda ola que est\u00e1 viviendo Europa\u201d.<\/p>\n\n\n\n<p>\u201cEl a\u00f1o que viene tendremos resuelto el tema\u201d, agreg\u00f3 Fern\u00e1ndez en relaci\u00f3n al COVID-19. Tambi\u00e9n expres\u00f3: \u201cPara los que dicen que la cuarentena no sirvi\u00f3 para nada, les recuerdo que ten\u00edamos la mitad de las camas que tenemos hoy.&nbsp;En el Gran Buenos Aires hab\u00eda 900 camas de terapia intensiva y ahora hay 2000, pero en su momento se llegaron a utilizar a 1.700\u201d.<\/p>\n\n\n\n<p>&#8220;Lo que ocurri\u00f3 en la Argentina es que le prestamos mucha atenci\u00f3n al \u00c1rea Metropolitana de Buenos Aires (AMBA) y los grandes centros urbanos, pero&nbsp;el resto del pa\u00eds pens\u00f3 que el virus no le iba a llegar y tambi\u00e9n piensan que en el campo el virus no existe\u201d, sostuvo el mandatario.<\/p>\n\n\n\n<p>La titular de la Direcci\u00f3n Nacional de Migraciones,&nbsp;Florencia Carignano, se\u00f1al\u00f3 esta ma\u00f1ana que, en el marco de lo dispuesto por el DNU 814\/2020, que habilita<a href=\"https:\/\/www.infobae.com\/politica\/2020\/10\/24\/matias-lammens-confirmo-que-en-los-proximos-dias-se-abriran-las-fronteras-para-el-ingreso-de-turistas-de-paises-limitrofes\/\" target=\"_blank\" rel=\"noreferrer noopener\">&nbsp;el ingreso por turismo de nativos y extranjeros radicados en los pa\u00edses lim\u00edtrofes<\/a>, se dispuso habilitar dos v\u00edas para este fin, que son el Aeropuerto Internacional de Ezeiza y la terminal mar\u00edtima de Buqueb\u00fas en la ciudad de Buenos Aires.<\/p>\n\n\n\n<p>Esta apertura de fronteras que posibilitar\u00e1 el turismo regional se concretar\u00e1 a partir de la 0 horas del viernes pr\u00f3ximo, pero sin que se modifiquen las condiciones de ingreso de argentinos y residentes en el pa\u00eds, que lo podr\u00e1n seguir haciendo por v\u00eda a\u00e9rea, mar\u00edtima o a trav\u00e9s de los cinco puestos terrestres actualmente habilitados.<\/p>\n\n\n\n<p>Para poder ingresar a territorio argentino, los nacionales y extranjeros tendr\u00e1n que presentar&nbsp;un test PCR negativo y un seguro m\u00e9dico COVID-19, adem\u00e1s de la declaraci\u00f3n jurada, que es un requisito migratorio obligatorio para toda persona que quiera ingresar al pa\u00eds.<\/p>\n\n\n\n<p>Con respecto de la Declaraci\u00f3n Jurada Electr\u00f3nica,&nbsp;tendr\u00e1 que ser completada indefectiblemente dentro de las 48 horas previas al embarque, explic\u00f3 la funcionaria a trav\u00e9s de un comunicado difundido por el Ministerio del Interior.<\/p>\n","protected":false},"excerpt":{"rendered":"<p>El ministerio de Salud P\u00fablica confirm\u00f3 4.308 contagios y 430 nuevas muertes en las \u00faltimas 24 horas El total de infectados asciende a 1.116.609 y las v\u00edctimas fatales suman 29.730 El Ministerio de Salud de la Naci\u00f3n inform\u00f3 este martes que, durante las \u00faltimas 24 horas,&nbsp;se registraron 430 muertes y 14.308 nuevos casos positivos por [&hellip;]<\/p>\n","protected":false},"author":2,"featured_media":9565,"comment_status":"open","ping_status":"open","sticky":false,"template":"","format":"standard","meta":{"tdm_status":"","tdm_grid_status":"","_joinchat":[],"footnotes":""},"categories":[65],"tags":[],"class_list":{"0":"post-9563","1":"post","2":"type-post","3":"status-publish","4":"format-standard","5":"has-post-thumbnail","7":"category-coronavirus"},"amp_enabled":true,"_links":{"self":[{"href":"https:\/\/www.todoeldia.com\/index.php\/wp-json\/wp\/v2\/posts\/9563","targetHints":{"allow":["GET"]}}],"collection":[{"href":"https:\/\/www.todoeldia.com\/index.php\/wp-json\/wp\/v2\/posts"}],"about":[{"href":"https:\/\/www.todoeldia.com\/index.php\/wp-json\/wp\/v2\/types\/post"}],"author":[{"embeddable":true,"href":"https:\/\/www.todoeldia.com\/index.php\/wp-json\/wp\/v2\/users\/2"}],"replies":[{"embeddable":true,"href":"https:\/\/www.todoeldia.com\/index.php\/wp-json\/wp\/v2\/comments?post=9563"}],"version-history":[{"count":1,"href":"https:\/\/www.todoeldia.com\/index.php\/wp-json\/wp\/v2\/posts\/9563\/revisions"}],"predecessor-version":[{"id":9566,"href":"https:\/\/www.todoeldia.com\/index.php\/wp-json\/wp\/v2\/posts\/9563\/revisions\/9566"}],"wp:featuredmedia":[{"embeddable":true,"href":"https:\/\/www.todoeldia.com\/index.php\/wp-json\/wp\/v2\/media\/9565"}],"wp:attachment":[{"href":"https:\/\/www.todoeldia.com\/index.php\/wp-json\/wp\/v2\/media?parent=9563"}],"wp:term":[{"taxonomy":"category","embeddable":true,"href":"https:\/\/www.todoeldia.com\/index.php\/wp-json\/wp\/v2\/categories?post=9563"},{"taxonomy":"post_tag","embeddable":true,"href":"https:\/\/www.todoeldia.com\/index.php\/wp-json\/wp\/v2\/tags?post=9563"}],"curies":[{"name":"wp","href":"https:\/\/api.w.org\/{rel}","templated":true}]}}