{"id":9567,"date":"2020-10-27T20:45:28","date_gmt":"2020-10-27T23:45:28","guid":{"rendered":"https:\/\/www.todoeldia.com\/?p=9567"},"modified":"2020-10-27T20:45:30","modified_gmt":"2020-10-27T23:45:30","slug":"alberto-fernandez-almorzo-con-sergio-massa-para-planificar-la-agenda-politica-tras-las-criticas-de-cristina-kirchner","status":"publish","type":"post","link":"https:\/\/www.todoeldia.com\/index.php\/2020\/10\/27\/alberto-fernandez-almorzo-con-sergio-massa-para-planificar-la-agenda-politica-tras-las-criticas-de-cristina-kirchner\/","title":{"rendered":"Alberto Fern\u00e1ndez almorz\u00f3 con Sergio Massa para planificar la agenda pol\u00edtica tras las cr\u00edticas de Cristina Kirchner"},"content":{"rendered":"\n<p>La comida se sirvi\u00f3 en el primer piso de Balcarce 50. Tambi\u00e9n particip\u00f3 el ministro de Defensa, Agust\u00edn Rossi, muy cercano a la Vicepresidente<\/p>\n\n\n\n<p>En un d\u00eda de homenajes a N\u00e9stor Kirchner y fuertes gestos pol\u00edticos,&nbsp;Alberto Fern\u00e1ndez almorz\u00f3 con el titular de la C\u00e1mara de Diputados, Sergio Massa y el ministro de Defensa, Agust\u00edn Rossi, con quienes analiz\u00f3 la carta de Cristina Kirchner y su impacto adentro y afuera del Gobierno.<\/p>\n\n\n\n<p>Apenas 24 horas despu\u00e9s de<a href=\"https:\/\/www.infobae.com\/politica\/2020\/10\/26\/cristina-kirchner-dijo-que-el-problema-con-el-dolar-es-el-mas-grave-que-tiene-el-pais-y-pidio-un-acuerdo-que-abarque-al-conjunto-de-los-sectores-politicos-y-economicos\/\" target=\"_blank\" rel=\"noreferrer noopener\">&nbsp;la carta que public\u00f3 la vicepresidenta por los 10 a\u00f1os de la muerte de N\u00e9stor Kirchner,&nbsp;<\/a>el Presidente evalu\u00f3 esa misiva como una se\u00f1al de respaldo. Aunque tambi\u00e9n respondi\u00f3 a esa misma carta con gestos de peso pol\u00edtico con una caminata antes del acto de homenaje a N\u00e9stor Kirchner acompa\u00f1ado por dos referentes del oficialismo que Cristina Kirchner se\u00f1al\u00f3 en tono cr\u00edtico:&nbsp;Massa y la secretaria Legal y T\u00e9cnica, Vilma Ibarra.<\/p>\n\n\n\n<p>Rossi, que siempre respondi\u00f3 a CFK, hab\u00eda ido por otro asuntos institucionales y se sum\u00f3 al c\u00f3nclave.&nbsp;Los tres coincidieron en afirmar que, a partir de ahora, empez\u00f3 una nueva etapa en el Frente de Todos.<\/p>\n\n\n\n<p>En la lectura de la carta de Cristina Kirchner, tanto el Presidente como Rossi y Massa coincidieron en que sirvi\u00f3 para terminar con la idea del doble comando en el Gobierno.\u00a0Es que la Vicepresidenta atemper\u00f3 su influencia sobre el gobierno nacional: \u201cEl sistema de decisi\u00f3n en el Poder Ejecutivo\u00a0hace imposible que no sea el Presidente el que tome las decisiones de gobierno\u201d.<\/p>\n\n\n\n<figure class=\"wp-block-image is-resized\"><img loading=\"lazy\" decoding=\"async\" src=\"https:\/\/www.infobae.com\/new-resizer\/OMLFvKvmW2lyFdVVvOpNZKMaCn8=\/420x236\/filters:format(jpg):quality(85)\/\/cloudfront-us-east-1.images.arcpublishing.com\/infobae\/4XMJYKVDARH7VF7T4O5RJ65PR4.jpg\" alt=\"Alberto Fern\u00e1ndez se asom\u00f3 a saludar a los militantes que estaban en Plaza de Mayo (Nicol\u00e1s Stulberg)\" width=\"1056\" height=\"625\"\/><figcaption>Alberto Fern\u00e1ndez se asom\u00f3 a saludar a los militantes que estaban en Plaza de Mayo<\/figcaption><\/figure>\n\n\n\n<p>Alberto Fern\u00e1ndez, Rossi y Massa tambi\u00e9n mencionaron el pasaje referido a los\u201cfuncionarios y funcionarias que no funcionan\u201d. A los tres, que conocen la intimidad del poder y sus juegos infinitos,&nbsp;no les llam\u00f3 la atenci\u00f3n la estocada de la presidenta del Senado.<\/p>\n\n\n\n<p>En este contexto de cr\u00edticas veladas, Alberto Fern\u00e1ndez hizo un ampuloso gesto de apoyo a Massa cuando lo invit\u00f3 a almorzar.<\/p>\n\n\n\n<p>A nosotros nunca nos movi\u00f3 el rencor ni la venganza. Al contrario, la responsabilidad hist\u00f3rica y el deber pol\u00edtico para con el pueblo y la Patria guiaron todas y cada una de nuestras decisiones y acciones. No hay demostraci\u00f3n m\u00e1s cabal de ello que haber decidido con el volumen de nuestra representaci\u00f3n popular\u00a0resignar la primera magistratura para construir un frente pol\u00edtico con quienes no s\u00f3lo criticaron duramente nuestros a\u00f1os de gesti\u00f3n sino que hasta prometieron c\u00e1rcel a los kirchneristas en actos p\u00fablicos o escribieron y publicaron libros en mi contra. Deber\u00e1n esforzarse mucho para encontrar en la historia argentina ejemplos similares\u201d, dijo la Vicepresidente en obvia referencia al diputado nacional.<\/p>\n\n\n\n<figure class=\"wp-block-image is-resized\"><img loading=\"lazy\" decoding=\"async\" src=\"https:\/\/www.infobae.com\/new-resizer\/eNe9FyadOIcIBl5nv7L086_51MA=\/420x236\/filters:format(jpg):quality(85)\/\/cloudfront-us-east-1.images.arcpublishing.com\/infobae\/KEHF434CTNELVMEZ4ZNIHTLOCY.jpg\" alt=\"(Presidencia)\" width=\"1064\" height=\"630\"\/><\/figure>\n\n\n\n<p>No son pocos en el Frente de Todos los que recordaron cuando Cristina Kirchner cumpl\u00eda su segundo mandato y Massa e Ibarra cuestionaron su gobierno y su mirada sobre el poder. El titular de Diputados prometi\u00f3 su encarcelamiento y la secretaria de Legal y T\u00e9cnica escribi\u00f3 un libro que objetaba duramente la forma de manejar el poder de la ex presidenta. Al parecer, Cristina Kirchner nunca se olvid\u00f3 de esos desaires.<\/p>\n\n\n\n<p>Adem\u00e1s de repasar la carta de la Vicepresidenta,&nbsp;en el almuerzo de la Casa Rosada se habl\u00f3 de la necesidad de que haya un llamado al di\u00e1logo amplio con opositores, empresarios, movimientos sociales y gremios.&nbsp;Esto es lo mismo que pidi\u00f3 Cristina Kirchner en su carta para hacer frente a los vaivenes del d\u00f3lar y la crisis econ\u00f3mica.<\/p>\n","protected":false},"excerpt":{"rendered":"<p>La comida se sirvi\u00f3 en el primer piso de Balcarce 50. Tambi\u00e9n particip\u00f3 el ministro de Defensa, Agust\u00edn Rossi, muy cercano a la Vicepresidente En un d\u00eda de homenajes a N\u00e9stor Kirchner y fuertes gestos pol\u00edticos,&nbsp;Alberto Fern\u00e1ndez almorz\u00f3 con el titular de la C\u00e1mara de Diputados, Sergio Massa y el ministro de Defensa, Agust\u00edn Rossi, [&hellip;]<\/p>\n","protected":false},"author":2,"featured_media":9568,"comment_status":"open","ping_status":"open","sticky":false,"template":"","format":"standard","meta":{"tdm_status":"","tdm_grid_status":"","_joinchat":[],"footnotes":""},"categories":[59],"tags":[],"class_list":{"0":"post-9567","1":"post","2":"type-post","3":"status-publish","4":"format-standard","5":"has-post-thumbnail","7":"category-politica"},"amp_enabled":true,"_links":{"self":[{"href":"https:\/\/www.todoeldia.com\/index.php\/wp-json\/wp\/v2\/posts\/9567","targetHints":{"allow":["GET"]}}],"collection":[{"href":"https:\/\/www.todoeldia.com\/index.php\/wp-json\/wp\/v2\/posts"}],"about":[{"href":"https:\/\/www.todoeldia.com\/index.php\/wp-json\/wp\/v2\/types\/post"}],"author":[{"embeddable":true,"href":"https:\/\/www.todoeldia.com\/index.php\/wp-json\/wp\/v2\/users\/2"}],"replies":[{"embeddable":true,"href":"https:\/\/www.todoeldia.com\/index.php\/wp-json\/wp\/v2\/comments?post=9567"}],"version-history":[{"count":1,"href":"https:\/\/www.todoeldia.com\/index.php\/wp-json\/wp\/v2\/posts\/9567\/revisions"}],"predecessor-version":[{"id":9569,"href":"https:\/\/www.todoeldia.com\/index.php\/wp-json\/wp\/v2\/posts\/9567\/revisions\/9569"}],"wp:featuredmedia":[{"embeddable":true,"href":"https:\/\/www.todoeldia.com\/index.php\/wp-json\/wp\/v2\/media\/9568"}],"wp:attachment":[{"href":"https:\/\/www.todoeldia.com\/index.php\/wp-json\/wp\/v2\/media?parent=9567"}],"wp:term":[{"taxonomy":"category","embeddable":true,"href":"https:\/\/www.todoeldia.com\/index.php\/wp-json\/wp\/v2\/categories?post=9567"},{"taxonomy":"post_tag","embeddable":true,"href":"https:\/\/www.todoeldia.com\/index.php\/wp-json\/wp\/v2\/tags?post=9567"}],"curies":[{"name":"wp","href":"https:\/\/api.w.org\/{rel}","templated":true}]}}