{"id":9573,"date":"2020-10-27T21:04:51","date_gmt":"2020-10-28T00:04:51","guid":{"rendered":"https:\/\/www.todoeldia.com\/?p=9573"},"modified":"2020-10-27T21:04:52","modified_gmt":"2020-10-28T00:04:52","slug":"a-partir-del-viernes-vuelve-el-turismo-interno-en-salta","status":"publish","type":"post","link":"https:\/\/www.todoeldia.com\/index.php\/2020\/10\/27\/a-partir-del-viernes-vuelve-el-turismo-interno-en-salta\/","title":{"rendered":"A partir del viernes vuelve el turismo interno en Salta"},"content":{"rendered":"\n<p>El 30 de octubre el Gobierno Provincial autorizo el turimo interno al cual los municipios podr\u00e1n adherir voluntariamente al Plan.<\/p>\n\n\n\n<p>\u201cSomos la primera provincia en aplicar un plan de reactivaci\u00f3n a largo plazo\u201d, destac\u00f3 el ministro de Turismo Mario Pe\u00f1a.<\/p>\n\n\n\n<p>El Gobierno de la provincia contin\u00faa trabajando en la generaci\u00f3n de planes que permitan proyectar la recuperaci\u00f3n de actividades econ\u00f3micas en un contexto de crisis. En este caso, la Autoridad Sanitaria provincial aprob\u00f3&nbsp;el Plan de Reactivaci\u00f3n Tur\u00edstico&nbsp;presentado por el ministerio de Turismo y Deportes.<\/p>\n\n\n\n<p>El 9 de noviembre se dar\u00eda lugar a la segunda etapa que incorpora la posibilidad de recibir turistas de pa\u00edses lim\u00edtrofes (Chile, Bolivia y Paraguay) v\u00eda a\u00e9rea. En cuanto a la apertura de las fronteras, esto estar\u00e1 sujeto a las disposiciones dictadas por el Gobierno Nacional.<\/p>\n\n\n\n<p>En el caso de la tercera etapa, que iniciar\u00e1 el 1 de diciembre, se prev\u00e9 incorporar la apertura para las provincias del norte argentino (Jujuy, Tucum\u00e1n, Santiago del Estero, Catamarca y La Rioja).<\/p>\n\n\n\n<figure class=\"wp-block-image size-large is-resized\"><img loading=\"lazy\" decoding=\"async\" src=\"https:\/\/www.todoeldia.com\/wp-content\/uploads\/2020\/10\/cachi-camino.jpg\" alt=\"\" class=\"wp-image-9576\" width=\"1070\" height=\"729\" srcset=\"https:\/\/www.todoeldia.com\/wp-content\/uploads\/2020\/10\/cachi-camino-300x203.jpg 300w, https:\/\/www.todoeldia.com\/wp-content\/uploads\/2020\/10\/cachi-camino-218x150.jpg 218w\" sizes=\"auto, (max-width: 1070px) 100vw, 1070px\" \/><\/figure>\n\n\n\n<p>Finalmente, en la cuarta etapa se planific\u00f3 la integraci\u00f3n del resto del pa\u00eds en el plan de reapertura tur\u00edstica, considerando las previsiones de apertura nacional para la temporada de verano este periodo iniciar\u00e1 el 1 de enero de 2021.<\/p>\n\n\n\n<p>Requisitos para poder circular<\/p>\n\n\n\n<p>Para residentes salte\u00f1os y del norte del pa\u00eds<\/p>\n\n\n\n<p>-Ser residente salte\u00f1o o de la localidad del norte del pa\u00eds, con DNI que lo acredite.<br>-Permiso de circulaci\u00f3n generado mediante reserva previa de cualquier servicio tur\u00edstico adherido al plan de reapertura tur\u00edstica.<\/p>\n\n\n\n<p>&#8211; Declaraci\u00f3n Jurada impresa y firmada para ser entregada a la autoridad que lo requiera.<\/p>\n\n\n\n<p>Para turistas del resto del pa\u00eds<\/p>\n\n\n\n<p>Se aguarda un criterio unificado a aplicar por todas las provincias argentinas, en base a decisi\u00f3n unificada de la Mesa Interministerial del Gobierno Nacional, creada para tal fin. &nbsp;<\/p>\n\n\n\n<p>Para turistas de pa\u00edses lim\u00edtrofes<\/p>\n\n\n\n<p>-Certificado Nacional \u00danico Habilitante para circulaci\u00f3n.<br>-PCR NEGATIVO.<\/p>\n\n\n\n<p>-Permiso de circulaci\u00f3n generado mediante reserva previa de cualquier servicio tur\u00edstico adherido al plan de reapertura tur\u00edstica.<\/p>\n\n\n\n<p>&#8211; Declaraci\u00f3n Jurada impresa y firmada para ser entregada a la autoridad que lo requiera.<\/p>\n\n\n\n<p>La puesta en funcionamiento de las etapas mencionadas, estar\u00e1 siempre sujeta a los criterios epidemiol\u00f3gicos y sanitarios determinados por la autoridad provincial.<\/p>\n\n\n\n<p>Resoluci\u00f3n Comit\u00e9 Operativo de Emergencia:&nbsp;<a href=\"https:\/\/bit.ly\/2JdHYuw\">https:\/\/bit.ly\/2JdHYuw<\/a><\/p>\n\n\n\n<p>Resoluci\u00f3n Ministerio de Turismo y Deportes:&nbsp;<a href=\"https:\/\/bit.ly\/3e4iw62\">https:\/\/bit.ly\/3e4iw62<\/a><\/p>\n","protected":false},"excerpt":{"rendered":"<p>El 30 de octubre el Gobierno Provincial autorizo el turimo interno al cual los municipios podr\u00e1n adherir voluntariamente al Plan. \u201cSomos la primera provincia en aplicar un plan de reactivaci\u00f3n a largo plazo\u201d, destac\u00f3 el ministro de Turismo Mario Pe\u00f1a. El Gobierno de la provincia contin\u00faa trabajando en la generaci\u00f3n de planes que permitan proyectar [&hellip;]<\/p>\n","protected":false},"author":2,"featured_media":9574,"comment_status":"open","ping_status":"open","sticky":false,"template":"","format":"standard","meta":{"tdm_status":"","tdm_grid_status":"","_joinchat":[],"footnotes":""},"categories":[60],"tags":[],"class_list":{"0":"post-9573","1":"post","2":"type-post","3":"status-publish","4":"format-standard","5":"has-post-thumbnail","7":"category-economia"},"amp_enabled":true,"_links":{"self":[{"href":"https:\/\/www.todoeldia.com\/index.php\/wp-json\/wp\/v2\/posts\/9573","targetHints":{"allow":["GET"]}}],"collection":[{"href":"https:\/\/www.todoeldia.com\/index.php\/wp-json\/wp\/v2\/posts"}],"about":[{"href":"https:\/\/www.todoeldia.com\/index.php\/wp-json\/wp\/v2\/types\/post"}],"author":[{"embeddable":true,"href":"https:\/\/www.todoeldia.com\/index.php\/wp-json\/wp\/v2\/users\/2"}],"replies":[{"embeddable":true,"href":"https:\/\/www.todoeldia.com\/index.php\/wp-json\/wp\/v2\/comments?post=9573"}],"version-history":[{"count":2,"href":"https:\/\/www.todoeldia.com\/index.php\/wp-json\/wp\/v2\/posts\/9573\/revisions"}],"predecessor-version":[{"id":9577,"href":"https:\/\/www.todoeldia.com\/index.php\/wp-json\/wp\/v2\/posts\/9573\/revisions\/9577"}],"wp:featuredmedia":[{"embeddable":true,"href":"https:\/\/www.todoeldia.com\/index.php\/wp-json\/wp\/v2\/media\/9574"}],"wp:attachment":[{"href":"https:\/\/www.todoeldia.com\/index.php\/wp-json\/wp\/v2\/media?parent=9573"}],"wp:term":[{"taxonomy":"category","embeddable":true,"href":"https:\/\/www.todoeldia.com\/index.php\/wp-json\/wp\/v2\/categories?post=9573"},{"taxonomy":"post_tag","embeddable":true,"href":"https:\/\/www.todoeldia.com\/index.php\/wp-json\/wp\/v2\/tags?post=9573"}],"curies":[{"name":"wp","href":"https:\/\/api.w.org\/{rel}","templated":true}]}}