{"id":9578,"date":"2020-10-27T21:14:32","date_gmt":"2020-10-28T00:14:32","guid":{"rendered":"https:\/\/www.todoeldia.com\/?p=9578"},"modified":"2020-10-27T21:14:33","modified_gmt":"2020-10-28T00:14:33","slug":"el-camionero-considerado-el-caso-cero-que-propago-el-coronavirus-en-oran-debera-trabajar-un-ano-gratis-en-el-hospital","status":"publish","type":"post","link":"https:\/\/www.todoeldia.com\/index.php\/2020\/10\/27\/el-camionero-considerado-el-caso-cero-que-propago-el-coronavirus-en-oran-debera-trabajar-un-ano-gratis-en-el-hospital\/","title":{"rendered":"El camionero considerado el caso cero que propag\u00f3 el coronavirus en Or\u00e1n deber\u00e1 trabajar un a\u00f1o gratis en el hospital"},"content":{"rendered":"\n<p>Las actuaciones penales se iniciaron el 16 de junio, cuando se formaliz\u00f3 la imputaci\u00f3n penal contra el joven oranense por el delito de &#8220;propagaci\u00f3n de una enfermedad contagiosa&#8221;. El mismo est\u00e1 establecido en el art\u00edculo 202 del C\u00f3digo Penal. Es as\u00ed que fueron cuatro meses los que se trabaj\u00f3 para llegar a un acuerdo pleno.<\/p>\n\n\n\n<p>Finalmente, la Sede Fiscal Descentralizada de Or\u00e1n logr\u00f3 que un imputado por propagaci\u00f3n del Covid-19 done materiales e insumos m\u00e9dicos por el valor de 30 mil pesos y cuatro horas semanales de trabajo por un a\u00f1o. Adem\u00e1s se comprometi\u00f3 y don\u00f3 en dos oportunidades plasma convaleciente para que otros enfermos puedan recuperarse.<\/p>\n\n\n\n<p>El joven trabajaba como ayudante de un transportista juje\u00f1o, y la acusaci\u00f3n surgi\u00f3 de una investigaci\u00f3n preliminar abierta tras conocerse p\u00fablicamente que hab\u00eda violado las medidas sanitarias impuestas en el marco de la pandemia del coronavirus. Su conducta provoc\u00f3 el contagio de otras ochos personas, entre amigos y familiares.<\/p>\n\n\n\n<p>El 16 de octubre pasado, se present\u00f3 ante el juez Rabbi Baldi Cabanillas el acuerdo al que se hab\u00eda llegado con las partes. Desde all\u00ed se homolog\u00f3 tanto por la Fiscal\u00eda como por la defensa. Una vez iniciada la actuaci\u00f3n penal, el joven se mantuvo aislado y cumpliendo con todas las medidas sanitarias correspondientes.<\/p>\n","protected":false},"excerpt":{"rendered":"<p>Las actuaciones penales se iniciaron el 16 de junio, cuando se formaliz\u00f3 la imputaci\u00f3n penal contra el joven oranense por el delito de &#8220;propagaci\u00f3n de una enfermedad contagiosa&#8221;. El mismo est\u00e1 establecido en el art\u00edculo 202 del C\u00f3digo Penal. Es as\u00ed que fueron cuatro meses los que se trabaj\u00f3 para llegar a un acuerdo pleno. [&hellip;]<\/p>\n","protected":false},"author":2,"featured_media":9579,"comment_status":"open","ping_status":"open","sticky":false,"template":"","format":"standard","meta":{"tdm_status":"","tdm_grid_status":"","_joinchat":[],"footnotes":""},"categories":[73],"tags":[],"class_list":{"0":"post-9578","1":"post","2":"type-post","3":"status-publish","4":"format-standard","5":"has-post-thumbnail","7":"category-noticias-general"},"amp_enabled":true,"_links":{"self":[{"href":"https:\/\/www.todoeldia.com\/index.php\/wp-json\/wp\/v2\/posts\/9578","targetHints":{"allow":["GET"]}}],"collection":[{"href":"https:\/\/www.todoeldia.com\/index.php\/wp-json\/wp\/v2\/posts"}],"about":[{"href":"https:\/\/www.todoeldia.com\/index.php\/wp-json\/wp\/v2\/types\/post"}],"author":[{"embeddable":true,"href":"https:\/\/www.todoeldia.com\/index.php\/wp-json\/wp\/v2\/users\/2"}],"replies":[{"embeddable":true,"href":"https:\/\/www.todoeldia.com\/index.php\/wp-json\/wp\/v2\/comments?post=9578"}],"version-history":[{"count":1,"href":"https:\/\/www.todoeldia.com\/index.php\/wp-json\/wp\/v2\/posts\/9578\/revisions"}],"predecessor-version":[{"id":9580,"href":"https:\/\/www.todoeldia.com\/index.php\/wp-json\/wp\/v2\/posts\/9578\/revisions\/9580"}],"wp:featuredmedia":[{"embeddable":true,"href":"https:\/\/www.todoeldia.com\/index.php\/wp-json\/wp\/v2\/media\/9579"}],"wp:attachment":[{"href":"https:\/\/www.todoeldia.com\/index.php\/wp-json\/wp\/v2\/media?parent=9578"}],"wp:term":[{"taxonomy":"category","embeddable":true,"href":"https:\/\/www.todoeldia.com\/index.php\/wp-json\/wp\/v2\/categories?post=9578"},{"taxonomy":"post_tag","embeddable":true,"href":"https:\/\/www.todoeldia.com\/index.php\/wp-json\/wp\/v2\/tags?post=9578"}],"curies":[{"name":"wp","href":"https:\/\/api.w.org\/{rel}","templated":true}]}}