{"id":95845,"date":"2025-06-05T00:19:57","date_gmt":"2025-06-05T03:19:57","guid":{"rendered":"https:\/\/www.todoeldia.com\/?p=95845"},"modified":"2025-06-05T00:19:58","modified_gmt":"2025-06-05T03:19:58","slug":"vino-de-buenos-aires-de-compras-a-bolivia-y-murio-de-un-infarto","status":"publish","type":"post","link":"https:\/\/www.todoeldia.com\/index.php\/2025\/06\/05\/vino-de-buenos-aires-de-compras-a-bolivia-y-murio-de-un-infarto\/","title":{"rendered":"Vino de Buenos aires de compras a Bolivia y muri\u00f3 de un infarto"},"content":{"rendered":"\n<p>La fiscal penal de la Unidad de Graves Atentados contra las Personas de Or\u00e1n, Mar\u00eda Soledad Filtr\u00edn Cuezzo, investiga el hallazgo de un hombre sin vida en una zona de arriendos de esa ciudad, ocurrido durante la ma\u00f1ana de este martes 3, al final de calle Dorrego.<\/p>\n\n\n\n<p>Tras un llamado al 991, se dispuso el cumplimiento de todas las medidas de rigor y se dio intervenci\u00f3n a la Unidad de Investigaci\u00f3n UGAP.<\/p>\n\n\n\n<p>El cuerpo del fallecido fue identificado a partir del documento nacional de identidad que portaba y fue derivado al Servicio de Tanatolog\u00eda Forense del CIF Or\u00e1n, donde se realiz\u00f3 la autopsia.<\/p>\n\n\n\n<p>El informe preliminar revel\u00f3 que el deceso se produjo por una insuficiencia cardiorrespiratoria y que el cuerpo no presentaba signos evidentes de violencia. Asimismo, se solicitaron estudios complementarios.<\/p>\n\n\n\n<p>Seg\u00fan pudo confirmarse, se trata de un hombre de 43 a\u00f1os, identificado como Oscar Mamani Fern\u00e1ndez, con residencia en la provincia de Buenos Aires, quien hab\u00eda viajado hacia Bolivia con el objetivo de realizar compras y no regres\u00f3.<\/p>\n\n\n\n<p>En el lugar del hallazgo se encontraron sus efectos personales y ya se contact\u00f3 a sus familiares.<\/p>\n\n\n\n<p>La fiscal Filtr\u00edn Cuezzo asegur\u00f3 que se trabaja en esclarecer las circunstancias en que se produjo el deceso y que se encuentran en curso las medidas pertinentes.<\/p>\n","protected":false},"excerpt":{"rendered":"<p>La fiscal penal de la Unidad de Graves Atentados contra las Personas de Or\u00e1n, Mar\u00eda Soledad Filtr\u00edn Cuezzo, investiga el hallazgo de un hombre sin vida en una zona de arriendos de esa ciudad, ocurrido durante la ma\u00f1ana de este martes 3, al final de calle Dorrego. Tras un llamado al 991, se dispuso el [&hellip;]<\/p>\n","protected":false},"author":2,"featured_media":33440,"comment_status":"open","ping_status":"open","sticky":false,"template":"","format":"standard","meta":{"tdm_status":"","tdm_grid_status":"","_joinchat":[],"footnotes":""},"categories":[63],"tags":[],"class_list":{"0":"post-95845","1":"post","2":"type-post","3":"status-publish","4":"format-standard","5":"has-post-thumbnail","7":"category-policiales"},"amp_enabled":true,"_links":{"self":[{"href":"https:\/\/www.todoeldia.com\/index.php\/wp-json\/wp\/v2\/posts\/95845","targetHints":{"allow":["GET"]}}],"collection":[{"href":"https:\/\/www.todoeldia.com\/index.php\/wp-json\/wp\/v2\/posts"}],"about":[{"href":"https:\/\/www.todoeldia.com\/index.php\/wp-json\/wp\/v2\/types\/post"}],"author":[{"embeddable":true,"href":"https:\/\/www.todoeldia.com\/index.php\/wp-json\/wp\/v2\/users\/2"}],"replies":[{"embeddable":true,"href":"https:\/\/www.todoeldia.com\/index.php\/wp-json\/wp\/v2\/comments?post=95845"}],"version-history":[{"count":1,"href":"https:\/\/www.todoeldia.com\/index.php\/wp-json\/wp\/v2\/posts\/95845\/revisions"}],"predecessor-version":[{"id":95846,"href":"https:\/\/www.todoeldia.com\/index.php\/wp-json\/wp\/v2\/posts\/95845\/revisions\/95846"}],"wp:featuredmedia":[{"embeddable":true,"href":"https:\/\/www.todoeldia.com\/index.php\/wp-json\/wp\/v2\/media\/33440"}],"wp:attachment":[{"href":"https:\/\/www.todoeldia.com\/index.php\/wp-json\/wp\/v2\/media?parent=95845"}],"wp:term":[{"taxonomy":"category","embeddable":true,"href":"https:\/\/www.todoeldia.com\/index.php\/wp-json\/wp\/v2\/categories?post=95845"},{"taxonomy":"post_tag","embeddable":true,"href":"https:\/\/www.todoeldia.com\/index.php\/wp-json\/wp\/v2\/tags?post=95845"}],"curies":[{"name":"wp","href":"https:\/\/api.w.org\/{rel}","templated":true}]}}