{"id":96579,"date":"2025-06-26T09:29:15","date_gmt":"2025-06-26T12:29:15","guid":{"rendered":"https:\/\/www.todoeldia.com\/?p=96579"},"modified":"2025-06-26T09:29:16","modified_gmt":"2025-06-26T12:29:16","slug":"condenan-en-oran-a-18-chorros-por-robo-de-motos-que-luego-vendian-en-bolivia","status":"publish","type":"post","link":"https:\/\/www.todoeldia.com\/index.php\/2025\/06\/26\/condenan-en-oran-a-18-chorros-por-robo-de-motos-que-luego-vendian-en-bolivia\/","title":{"rendered":"Condenan en Or\u00e1n a 18 \u201cchorros\u201d por robo de motos que luego vend\u00edan en Bolivia"},"content":{"rendered":"\n<p>Dieciocho hombres fueron condenados por el delito de encubrimiento en el marco de un juicio abreviado llevado a cabo en la Sala I del Tribunal de Juicio de Or\u00e1n.&nbsp;<br><br>El juez&nbsp;Mario Maldonadoconden\u00f3 a uno de los acusados a la pena de un a\u00f1o y ocho meses de prisi\u00f3n efectiva y adem\u00e1s lo declar\u00f3 reincidente. Otro fue condenado a siete meses de c\u00e1rcel pero cumplir\u00e1 la pena unificada de&nbsp;un a\u00f1o y cinco meses. Un tercer hombre condenado a diez meses de prisi\u00f3n efectiva.&nbsp;<br><br>Los otros quince acusados cumplir\u00e1n la pena de seis meses de prisi\u00f3n condicional, junto con reglas de conducta. El juez hizo lugar al acuerdo al que llegaron las partes, y tuvo en consideraci\u00f3n el consentimiento de la totalidad de los imputados en el juicio abreviado.<br><br>Las motocicletas de distintas cilindradas y marcas hab\u00edan sido sustra\u00eddas en la zona de Or\u00e1n, eran trasladados a la localidad fronteriza de Bermejo, donde se vend\u00edan o intercambiaban por droga. Algunas de ellas eran desarmadas y se vend\u00edan sus partes en redes sociales, o en las localidades de Rivadavia Banda Sur y La Uni\u00f3n.<\/p>\n","protected":false},"excerpt":{"rendered":"<p>Dieciocho hombres fueron condenados por el delito de encubrimiento en el marco de un juicio abreviado llevado a cabo en la Sala I del Tribunal de Juicio de Or\u00e1n.&nbsp; El juez&nbsp;Mario Maldonadoconden\u00f3 a uno de los acusados a la pena de un a\u00f1o y ocho meses de prisi\u00f3n efectiva y adem\u00e1s lo declar\u00f3 reincidente. Otro [&hellip;]<\/p>\n","protected":false},"author":2,"featured_media":94939,"comment_status":"open","ping_status":"open","sticky":false,"template":"","format":"standard","meta":{"tdm_status":"","tdm_grid_status":"","_joinchat":[],"footnotes":""},"categories":[63],"tags":[],"class_list":{"0":"post-96579","1":"post","2":"type-post","3":"status-publish","4":"format-standard","5":"has-post-thumbnail","7":"category-policiales"},"amp_enabled":true,"_links":{"self":[{"href":"https:\/\/www.todoeldia.com\/index.php\/wp-json\/wp\/v2\/posts\/96579","targetHints":{"allow":["GET"]}}],"collection":[{"href":"https:\/\/www.todoeldia.com\/index.php\/wp-json\/wp\/v2\/posts"}],"about":[{"href":"https:\/\/www.todoeldia.com\/index.php\/wp-json\/wp\/v2\/types\/post"}],"author":[{"embeddable":true,"href":"https:\/\/www.todoeldia.com\/index.php\/wp-json\/wp\/v2\/users\/2"}],"replies":[{"embeddable":true,"href":"https:\/\/www.todoeldia.com\/index.php\/wp-json\/wp\/v2\/comments?post=96579"}],"version-history":[{"count":1,"href":"https:\/\/www.todoeldia.com\/index.php\/wp-json\/wp\/v2\/posts\/96579\/revisions"}],"predecessor-version":[{"id":96580,"href":"https:\/\/www.todoeldia.com\/index.php\/wp-json\/wp\/v2\/posts\/96579\/revisions\/96580"}],"wp:featuredmedia":[{"embeddable":true,"href":"https:\/\/www.todoeldia.com\/index.php\/wp-json\/wp\/v2\/media\/94939"}],"wp:attachment":[{"href":"https:\/\/www.todoeldia.com\/index.php\/wp-json\/wp\/v2\/media?parent=96579"}],"wp:term":[{"taxonomy":"category","embeddable":true,"href":"https:\/\/www.todoeldia.com\/index.php\/wp-json\/wp\/v2\/categories?post=96579"},{"taxonomy":"post_tag","embeddable":true,"href":"https:\/\/www.todoeldia.com\/index.php\/wp-json\/wp\/v2\/tags?post=96579"}],"curies":[{"name":"wp","href":"https:\/\/api.w.org\/{rel}","templated":true}]}}