{"id":96591,"date":"2025-06-27T16:22:21","date_gmt":"2025-06-27T19:22:21","guid":{"rendered":"https:\/\/www.todoeldia.com\/?p=96591"},"modified":"2025-06-27T16:22:22","modified_gmt":"2025-06-27T19:22:22","slug":"detallaron-en-el-senado-obras-y-planes-de-vivienda-que-se-desarrollan-en-la-provincia","status":"publish","type":"post","link":"https:\/\/www.todoeldia.com\/index.php\/2025\/06\/27\/detallaron-en-el-senado-obras-y-planes-de-vivienda-que-se-desarrollan-en-la-provincia\/","title":{"rendered":"Detallaron en el Senado obras y planes de vivienda que se desarrollan en la provincia"},"content":{"rendered":"\n<p>Ante un plenario de senadores, autoridades del IPV ofrecieron detalles de las obras de vivienda que se ejecutan en toda la provincia. Por el fuerte recorte de fondos nacionales se debieron reformular planes con el fin de poder culminar las obras que estaban en marcha.<\/p>\n\n\n\n<p>Con una demanda superior a las 16 mil unidades habitacionales en Salta y obras que al ser desfinanciadas por el gobierno nacional, tuvieron que ser asumidas por la Provincia, directivos del Instituto Provincial de Vivienda expusieron este jueves la situaci\u00f3n del sector en el transcurso de un plenario de senadores.<\/p>\n\n\n\n<figure class=\"wp-block-image size-full is-resized\"><img loading=\"lazy\" decoding=\"async\" width=\"665\" height=\"436\" src=\"https:\/\/www.todoeldia.com\/wp-content\/uploads\/2025\/06\/image-121.png\" alt=\"\" class=\"wp-image-96593\" style=\"width:785px;height:auto\" srcset=\"https:\/\/www.todoeldia.com\/wp-content\/uploads\/2025\/06\/image-121.png 665w, https:\/\/www.todoeldia.com\/wp-content\/uploads\/2025\/06\/image-121-300x197.png 300w, https:\/\/www.todoeldia.com\/wp-content\/uploads\/2025\/06\/image-121-641x420.png 641w\" sizes=\"auto, (max-width: 665px) 100vw, 665px\" \/><\/figure>\n\n\n\n<p>El encuentro fue encabezado por el vicepresidente primero del cuerpo, Mashur Lapad, junto a los senadores, Juan Cruz Cur\u00e1, Alejandra Navarro, Dani Nolasco, Manuel Pailler, Gustavo Carrizo, Luis Altamirano, Carlos L\u00f3pez, Miguel Calabr\u00f3, Leopoldo Salva, Walter Ab\u00e1n, Sergio Salda\u00f1o, Javier M\u00f3nico, Enrique Cornejo y Sonia Magno. Por el IPV asistieron su presidente, Laura Caballero y la coordinadora ejecutiva, Mar\u00eda Montero.<\/p>\n\n\n\n<p>Caballero sostuvo que, en un contexto de recorte de fondos nacionales, que dejaron sin financiamiento distintos contratos y programas de vivienda que se ven\u00edan ejecutando, la provincia debi\u00f3 hacerse cargo de culminar las obras de 1.700 unidades habitacionales mediante diferentes operatorias financieras.<\/p>\n\n\n\n<p>Indic\u00f3 que Naci\u00f3n solo gira los fondos que dispone la Ley FONAVI, que para este a\u00f1o estaban proyectados en 32 mil millones de pesos, pero que por recortes se estima solo podr\u00eda llegar a 20 mil millones. Adem\u00e1s, el gobierno federal anuncia la puesta a disposici\u00f3n de l\u00edneas de cr\u00e9ditos hipotecarios a 20 y 30 a\u00f1os, actualizables con el \u00edndice UVA, lo que genera preocupaci\u00f3n en los potenciales tomadores.<\/p>\n\n\n\n<p>Ante este panorama la Provincia recurri\u00f3 a distintas fuentes de financiaci\u00f3n para poder terminar viviendas ya iniciadas, como el Programa de Ahorro Previo ex Casa Propia, que se aplica en Capital en la zona Norte; sistemas solidarios para el interior y el trabajo de regularizaci\u00f3n dominial con Tierra y Vivienda, que permiti\u00f3 la entrega de 1.700 escrituras en 2024 y otras 700 en lo que va del a\u00f1o, que tambi\u00e9n es una herramienta \u00fatil al momento que los propietarios puedan gestionar cr\u00e9ditos para la construcci\u00f3n.<\/p>\n\n\n\n<p>Sobre el programa de ahorro previo puntualiz\u00f3 que se restructur\u00f3 una baja del importe para permitir una mayor participaci\u00f3n de interesados en los 466 departamentos a sortear en Pereyra Rozas y el Huayco, cuya inscripci\u00f3n cierra el 4 de julio. Adem\u00e1s, mencion\u00f3 la actualizaci\u00f3n del recupero de cuotas.<\/p>\n\n\n\n<p>Obras en el interior<\/p>\n\n\n\n<p>Ante la consulta de varios senadores sobre la posibilidad de replicar el sistema de ahorro previo en el interior, la funcionaria indic\u00f3 que se resolvi\u00f3 apelar a un sistema solidario. Tambi\u00e9n se trabajar\u00e1 en una l\u00ednea de cr\u00e9dito con modelos estandarizados para aquellas familias que ya posean terreno y quieran edificar y otros modelos con participaci\u00f3n p\u00fablica y privada.<\/p>\n\n\n\n<p>Dijo que bajo el sistema solidario se encuentran avanzadas las obras de 40 viviendas en Moldes, 26 en Cachi, 40 en Apolinario Saravia. Adem\u00e1s, ante la consulta del senador Salda\u00f1o explic\u00f3 que se trabaja en 97 unidades en Cafayate.<\/p>\n\n\n\n<p>El senador M\u00f3nico consult\u00f3 sobre las viviendas en Copo Quile y obras de Procrear donde intervino el municipio de Rosario de la Frontera; el senador Cornejo pregunt\u00f3 sobre avances del Plan Mi Lote en 11 hect\u00e1reas en G\u00fcemes y sobre requisitos y cupos de viviendas para casos especiales como matrimonios sin hijos o personas solas y el senador Altamirano consult\u00f3 sobre el avance de gestiones para concretar un albergue estudiantil en Santa Victoria Oeste.<\/p>\n\n\n\n<p>Por su parte, el senador Salva consult\u00f3 pormenores de un contrato entre el municipio de San Antonio de los Cobres y Naci\u00f3n para la ejecuci\u00f3n de 35 viviendas, donde el IPV solo brind\u00f3 asistencia t\u00e9cnica; el senador Pailler sobre el avance de la obra de 254 departamentos en San Mart\u00edn y convenios de soluciones habitacionales o n\u00facleos h\u00famedos para pueblos originarios y el senador Calabr\u00f3 sobre 14 viviendas en La Caldera, otras 4 en Vaqueros y las del convenio Renabap en la Costanera.<\/p>\n\n\n\n<p>El senador Cur\u00e1 pregunt\u00f3 la viabilidad de replicar en Or\u00e1n el Plan de ahorro previo; la senadora Magno consult\u00f3 sobre obras de defensa para evitar la inundaci\u00f3n de viviendas que se construyen en Angastaco, el senador Nolasco sobre viviendas y n\u00facleos h\u00famedos gestionados en La Poma, la senadora Navarro respecto de avances en El Quebrachal y Talavera y el senador Ab\u00e1n sobre la dotaci\u00f3n de servicios de agua y energ\u00eda a la obra de 25 viviendas para la comunidad diaguita calchaqu\u00ed de Seclant\u00e1s.<\/p>\n\n\n\n<p>En el final del encuentro el senador Lapad destac\u00f3 la informaci\u00f3n ofrecida por el IPV y consider\u00f3 que ese detalle constituye una herramienta para articular acciones en cada departamento.<\/p>\n","protected":false},"excerpt":{"rendered":"<p>Ante un plenario de senadores, autoridades del IPV ofrecieron detalles de las obras de vivienda que se ejecutan en toda la provincia. Por el fuerte recorte de fondos nacionales se debieron reformular planes con el fin de poder culminar las obras que estaban en marcha. Con una demanda superior a las 16 mil unidades habitacionales [&hellip;]<\/p>\n","protected":false},"author":2,"featured_media":96592,"comment_status":"open","ping_status":"open","sticky":false,"template":"","format":"standard","meta":{"tdm_status":"","tdm_grid_status":"","_joinchat":[],"footnotes":""},"categories":[59],"tags":[],"class_list":{"0":"post-96591","1":"post","2":"type-post","3":"status-publish","4":"format-standard","5":"has-post-thumbnail","7":"category-politica"},"amp_enabled":true,"_links":{"self":[{"href":"https:\/\/www.todoeldia.com\/index.php\/wp-json\/wp\/v2\/posts\/96591","targetHints":{"allow":["GET"]}}],"collection":[{"href":"https:\/\/www.todoeldia.com\/index.php\/wp-json\/wp\/v2\/posts"}],"about":[{"href":"https:\/\/www.todoeldia.com\/index.php\/wp-json\/wp\/v2\/types\/post"}],"author":[{"embeddable":true,"href":"https:\/\/www.todoeldia.com\/index.php\/wp-json\/wp\/v2\/users\/2"}],"replies":[{"embeddable":true,"href":"https:\/\/www.todoeldia.com\/index.php\/wp-json\/wp\/v2\/comments?post=96591"}],"version-history":[{"count":1,"href":"https:\/\/www.todoeldia.com\/index.php\/wp-json\/wp\/v2\/posts\/96591\/revisions"}],"predecessor-version":[{"id":96594,"href":"https:\/\/www.todoeldia.com\/index.php\/wp-json\/wp\/v2\/posts\/96591\/revisions\/96594"}],"wp:featuredmedia":[{"embeddable":true,"href":"https:\/\/www.todoeldia.com\/index.php\/wp-json\/wp\/v2\/media\/96592"}],"wp:attachment":[{"href":"https:\/\/www.todoeldia.com\/index.php\/wp-json\/wp\/v2\/media?parent=96591"}],"wp:term":[{"taxonomy":"category","embeddable":true,"href":"https:\/\/www.todoeldia.com\/index.php\/wp-json\/wp\/v2\/categories?post=96591"},{"taxonomy":"post_tag","embeddable":true,"href":"https:\/\/www.todoeldia.com\/index.php\/wp-json\/wp\/v2\/tags?post=96591"}],"curies":[{"name":"wp","href":"https:\/\/api.w.org\/{rel}","templated":true}]}}