{"id":9680,"date":"2020-10-28T20:31:07","date_gmt":"2020-10-28T23:31:07","guid":{"rendered":"https:\/\/www.todoeldia.com\/?p=9680"},"modified":"2020-10-28T20:31:08","modified_gmt":"2020-10-28T23:31:08","slug":"aumentan-6-el-salario-de-los-empleados-municipales-de-salta","status":"publish","type":"post","link":"https:\/\/www.todoeldia.com\/index.php\/2020\/10\/28\/aumentan-6-el-salario-de-los-empleados-municipales-de-salta\/","title":{"rendered":"Aumentan 6% el salario de los empleados municipales de Salta"},"content":{"rendered":"\n<p>El incremento ser\u00e1 desde octubre. En lo que va del a\u00f1o, la comuna otorg\u00f3 cuatro aumentos, que suman un 26%.<\/p>\n\n\n\n<p>El secretario de Econom\u00eda, Hacienda y Recursos Humanos, Daniel Amador, inform\u00f3 esta ma\u00f1ana que los empleados de la comuna cobrar\u00e1n los sueldos correspondientes al mes de octubre con un incremento del seis por ciento.<\/p>\n\n\n\n<p>El anuncio fue realizado luego de mantener una reuni\u00f3n con los dirigentes de las organizaciones gremiales que tienen representaci\u00f3n de trabajadores en el \u00e1mbito de la Municipalidad de Salta.<\/p>\n\n\n\n<p>\u201cEstamos trabajando en una situaci\u00f3n complicada, con una ca\u00edda de la recaudaci\u00f3n y un presupuesto muy ajustado que, pandemia de por medio, tuvo que afrontar numerosos costos, como el Programa Unidos por el que la Municipalidad brinda 50.000 raciones semanales de comida a los vecinos en 72 puntos de la ciudad\u201d, precis\u00f3 Amador para luego agregar que \u201cpese a ello, para la intendenta, Bettina Romero, la familia municipal es una prioridad y cada mes los salarios se pagan en tiempo y forma\u201d.<\/p>\n\n\n\n<p>M\u00e1s all\u00e1 de esto y, en el entendimiento de que la inflaci\u00f3n acumulada del a\u00f1o es del 26,2%, la Intendenta tom\u00f3 la decisi\u00f3n de aumentar los salarios por cuarta vez en lo que va del a\u00f1o (febrero 8%, marzo 8%, junio 4%), por lo que el aumento total de los haberes de los empleados de planta permanente de la Municipalidad de Salta alcanza el 26%.<\/p>\n\n\n\n<p><a href=\"http:\/\/municipalidadsalta.gob.ar\/prensa\/wp-content\/uploads\/2020\/10\/reuni%C3%B3n-Hacienda.jpeg\"><br><\/a><\/p>\n","protected":false},"excerpt":{"rendered":"<p>El incremento ser\u00e1 desde octubre. En lo que va del a\u00f1o, la comuna otorg\u00f3 cuatro aumentos, que suman un 26%. El secretario de Econom\u00eda, Hacienda y Recursos Humanos, Daniel Amador, inform\u00f3 esta ma\u00f1ana que los empleados de la comuna cobrar\u00e1n los sueldos correspondientes al mes de octubre con un incremento del seis por ciento. El [&hellip;]<\/p>\n","protected":false},"author":2,"featured_media":9681,"comment_status":"open","ping_status":"open","sticky":false,"template":"","format":"standard","meta":{"tdm_status":"","tdm_grid_status":"","_joinchat":[],"footnotes":""},"categories":[69],"tags":[],"class_list":{"0":"post-9680","1":"post","2":"type-post","3":"status-publish","4":"format-standard","5":"has-post-thumbnail","7":"category-salta"},"amp_enabled":true,"_links":{"self":[{"href":"https:\/\/www.todoeldia.com\/index.php\/wp-json\/wp\/v2\/posts\/9680","targetHints":{"allow":["GET"]}}],"collection":[{"href":"https:\/\/www.todoeldia.com\/index.php\/wp-json\/wp\/v2\/posts"}],"about":[{"href":"https:\/\/www.todoeldia.com\/index.php\/wp-json\/wp\/v2\/types\/post"}],"author":[{"embeddable":true,"href":"https:\/\/www.todoeldia.com\/index.php\/wp-json\/wp\/v2\/users\/2"}],"replies":[{"embeddable":true,"href":"https:\/\/www.todoeldia.com\/index.php\/wp-json\/wp\/v2\/comments?post=9680"}],"version-history":[{"count":1,"href":"https:\/\/www.todoeldia.com\/index.php\/wp-json\/wp\/v2\/posts\/9680\/revisions"}],"predecessor-version":[{"id":9682,"href":"https:\/\/www.todoeldia.com\/index.php\/wp-json\/wp\/v2\/posts\/9680\/revisions\/9682"}],"wp:featuredmedia":[{"embeddable":true,"href":"https:\/\/www.todoeldia.com\/index.php\/wp-json\/wp\/v2\/media\/9681"}],"wp:attachment":[{"href":"https:\/\/www.todoeldia.com\/index.php\/wp-json\/wp\/v2\/media?parent=9680"}],"wp:term":[{"taxonomy":"category","embeddable":true,"href":"https:\/\/www.todoeldia.com\/index.php\/wp-json\/wp\/v2\/categories?post=9680"},{"taxonomy":"post_tag","embeddable":true,"href":"https:\/\/www.todoeldia.com\/index.php\/wp-json\/wp\/v2\/tags?post=9680"}],"curies":[{"name":"wp","href":"https:\/\/api.w.org\/{rel}","templated":true}]}}