{"id":9688,"date":"2020-10-28T21:05:33","date_gmt":"2020-10-29T00:05:33","guid":{"rendered":"https:\/\/www.todoeldia.com\/?p=9688"},"modified":"2020-10-28T21:05:34","modified_gmt":"2020-10-29T00:05:34","slug":"tucuman-registra-899-nuevos-casos-de-covid-19-en-las-ultimas-24-horas-y-se-acerca-a-los-800-muertos","status":"publish","type":"post","link":"https:\/\/www.todoeldia.com\/index.php\/2020\/10\/28\/tucuman-registra-899-nuevos-casos-de-covid-19-en-las-ultimas-24-horas-y-se-acerca-a-los-800-muertos\/","title":{"rendered":"Tucum\u00e1n registra 899 nuevos casos de covid-19 en las \u00faltimas 24 horas y se acerca a los 800 muertos"},"content":{"rendered":"\n<p>La provincia lleg\u00f3 a los 47.735 contagios desde que comenz\u00f3 la pandemia.<\/p>\n\n\n\n<p>Tucum\u00e1n sum\u00f3 899 nuevos contagios de covid-19 en las \u00faltimas 24 horas y lleg\u00f3 a los 47.735 casos de coronavirus confirmados, inform\u00f3 el Ministerio de Salud de la Provincia.<\/p>\n\n\n\n<p>Un total de 11 muertes se registraron con lo cual los fallecimientos suman 793 desde que comenz\u00f3 la pandemia.<\/p>\n","protected":false},"excerpt":{"rendered":"<p>La provincia lleg\u00f3 a los 47.735 contagios desde que comenz\u00f3 la pandemia. Tucum\u00e1n sum\u00f3 899 nuevos contagios de covid-19 en las \u00faltimas 24 horas y lleg\u00f3 a los 47.735 casos de coronavirus confirmados, inform\u00f3 el Ministerio de Salud de la Provincia. Un total de 11 muertes se registraron con lo cual los fallecimientos suman 793 [&hellip;]<\/p>\n","protected":false},"author":2,"featured_media":9689,"comment_status":"open","ping_status":"open","sticky":false,"template":"","format":"standard","meta":{"tdm_status":"","tdm_grid_status":"","_joinchat":[],"footnotes":""},"categories":[65],"tags":[],"class_list":{"0":"post-9688","1":"post","2":"type-post","3":"status-publish","4":"format-standard","5":"has-post-thumbnail","7":"category-coronavirus"},"amp_enabled":true,"_links":{"self":[{"href":"https:\/\/www.todoeldia.com\/index.php\/wp-json\/wp\/v2\/posts\/9688","targetHints":{"allow":["GET"]}}],"collection":[{"href":"https:\/\/www.todoeldia.com\/index.php\/wp-json\/wp\/v2\/posts"}],"about":[{"href":"https:\/\/www.todoeldia.com\/index.php\/wp-json\/wp\/v2\/types\/post"}],"author":[{"embeddable":true,"href":"https:\/\/www.todoeldia.com\/index.php\/wp-json\/wp\/v2\/users\/2"}],"replies":[{"embeddable":true,"href":"https:\/\/www.todoeldia.com\/index.php\/wp-json\/wp\/v2\/comments?post=9688"}],"version-history":[{"count":1,"href":"https:\/\/www.todoeldia.com\/index.php\/wp-json\/wp\/v2\/posts\/9688\/revisions"}],"predecessor-version":[{"id":9690,"href":"https:\/\/www.todoeldia.com\/index.php\/wp-json\/wp\/v2\/posts\/9688\/revisions\/9690"}],"wp:featuredmedia":[{"embeddable":true,"href":"https:\/\/www.todoeldia.com\/index.php\/wp-json\/wp\/v2\/media\/9689"}],"wp:attachment":[{"href":"https:\/\/www.todoeldia.com\/index.php\/wp-json\/wp\/v2\/media?parent=9688"}],"wp:term":[{"taxonomy":"category","embeddable":true,"href":"https:\/\/www.todoeldia.com\/index.php\/wp-json\/wp\/v2\/categories?post=9688"},{"taxonomy":"post_tag","embeddable":true,"href":"https:\/\/www.todoeldia.com\/index.php\/wp-json\/wp\/v2\/tags?post=9688"}],"curies":[{"name":"wp","href":"https:\/\/api.w.org\/{rel}","templated":true}]}}