{"id":9755,"date":"2020-10-29T12:04:07","date_gmt":"2020-10-29T15:04:07","guid":{"rendered":"https:\/\/www.todoeldia.com\/?p=9755"},"modified":"2020-10-29T12:04:08","modified_gmt":"2020-10-29T15:04:08","slug":"horror-mato-a-su-hijo-de-10-anos-e-hirio-a-su-hija-de-seis-para-vengarse-de-su-ex-mujer","status":"publish","type":"post","link":"https:\/\/www.todoeldia.com\/index.php\/2020\/10\/29\/horror-mato-a-su-hijo-de-10-anos-e-hirio-a-su-hija-de-seis-para-vengarse-de-su-ex-mujer\/","title":{"rendered":"Horror: mat\u00f3 a su hijo de 10 a\u00f1os e hiri\u00f3 a su hija de seis para vengarse de su ex mujer"},"content":{"rendered":"\n<p>El agresor y su esposa estaban separados. El brutal hecho ocurri\u00f3 este mi\u00e9rcoles por la tarde en la casa del agresor.<\/p>\n\n\n\n<p>Seg\u00fan cont\u00f3 la ex pareja del agresor, tras el ataque, \u00e9l le envi\u00f3 una foto de los ni\u00f1os lastimados, por lo que la fiscal\u00eda a cargo del caso podr\u00eda imputar al acusado por el delito de femicidio vinculado, ya que se cree que asesin\u00f3 a los chicos para vengarse de su ex mujer.<\/p>\n\n\n\n<p>En base a lo que se pudo reconstruir, se estableci\u00f3 que el acusado y su mujer estaban separados hac\u00eda ya unos meses, y que la esposa de Reyna hab\u00eda decidido quedarse a vivir en la localidad riojana de Chilecito.<\/p>\n\n\n\n<p>Sin embargo, como \u00e9l insist\u00eda mucho en ver a los chicos, quienes se hab\u00edan quedado al cuidado de su madre, hace 10 d\u00edas Brenda opt\u00f3 por volver de visita a Capilla del Monte, y aprovech\u00f3 para que el agresor pudiera pasar tiempo con sus hijos.<\/p>\n\n\n\n<p>A pesar de eso, la mujer explic\u00f3 a medios locales que Reyna no dejaba de insistirle con la posibilidad de volver a estar juntos, pero que ella le dijo en varias ocasiones que no, porque antes deb\u00edan hacer terapia.<\/p>\n\n\n\n<figure class=\"wp-block-image size-large\"><img loading=\"lazy\" decoding=\"async\" width=\"1024\" height=\"683\" src=\"https:\/\/www.todoeldia.com\/wp-content\/uploads\/2020\/10\/mato-a-su-hijo-1-1024x683.jpg\" alt=\"\" class=\"wp-image-9757\" srcset=\"https:\/\/www.todoeldia.com\/wp-content\/uploads\/2020\/10\/mato-a-su-hijo-1-1024x683.jpg 1024w, https:\/\/www.todoeldia.com\/wp-content\/uploads\/2020\/10\/mato-a-su-hijo-1-300x200.jpg 300w, https:\/\/www.todoeldia.com\/wp-content\/uploads\/2020\/10\/mato-a-su-hijo-1-768x512.jpg 768w, https:\/\/www.todoeldia.com\/wp-content\/uploads\/2020\/10\/mato-a-su-hijo-1-696x464.jpg 696w, https:\/\/www.todoeldia.com\/wp-content\/uploads\/2020\/10\/mato-a-su-hijo-1-1068x712.jpg 1068w, https:\/\/www.todoeldia.com\/wp-content\/uploads\/2020\/10\/mato-a-su-hijo-1-630x420.jpg 630w, https:\/\/www.todoeldia.com\/wp-content\/uploads\/2020\/10\/mato-a-su-hijo-1.jpg 1140w\" sizes=\"auto, (max-width: 1024px) 100vw, 1024px\" \/><\/figure>\n\n\n\n<p>&#8220;Ten\u00eda miedo que me hiciera algo a m\u00ed, no a mis hijos.&nbsp;Mis nenes me mandaron un audio y me dec\u00edan que lo atendiera. Le dije que por qu\u00e9 met\u00eda a los hijos, que no ten\u00edan nada que ver, y me lleg\u00f3 una foto del nene todo cortado&#8221;, cont\u00f3 conmovida.<\/p>\n\n\n\n<p>Los investigadores confirmaron que el brutal hecho ocurri\u00f3 este mi\u00e9rcoles pasadas las 16 en una vivienda ubicada en el barrio La Toma, en Capilla del Monte, donde el agresor le dio un puntazo en el t\u00f3rax a su hijo de 10 a\u00f1os, mientras que a la nena de 6 le dio varias pu\u00f1aladas.<\/p>\n\n\n\n<p>Los vecinos que se dieron cuenta de lo que pasaba lograron asistir a los menores, y minutos despu\u00e9s la polic\u00eda lleg\u00f3 al lugar y trasladaron a los peque\u00f1os al&nbsp;hospital local Oscar Am\u00e9rico Luqui, aunque el nene falleci\u00f3 sin que los m\u00e9dicos pudieran hacer nada.<\/p>\n\n\n\n<p>Por su parte, la ni\u00f1a de 6 fue luego trasladada al&nbsp;Hospital Pedi\u00e1trico de la ciudad de C\u00f3rdoba, donde debi\u00f3 ser&nbsp;intervenida y se le realiz\u00f3 una transfusi\u00f3n de sangre. Seg\u00fan dijo la directora del centro m\u00e9dico, la nena presentaba varias heridas de arma blanca, aunque la m\u00e1s grave es una que se encuentra a la altura del cuello y que&nbsp;provoc\u00f3 rotura en los vasos.<\/p>\n\n\n\n<p>La Fiscal\u00eda de Instrucci\u00f3n de Cosqu\u00edn, a cargo de&nbsp;<strong>Paula Kelm<\/strong>, ya orden\u00f3 la detenci\u00f3n del agresor, y lo imput\u00f3 por&nbsp;homicidio doblemente calificado y homicidio doblemente calificado en grado de tentativa, aunque lo&nbsp;m\u00e1s probable es que pr\u00f3ximamente la caratula cambie a&nbsp;femicidio vinculado.<\/p>\n\n\n\n<p>Seg\u00fan averiguaciones de la fiscal\u00eda, la madre de los ni\u00f1os viv\u00eda en La Rioja junto a sus hijos y se encontraba separada hace unos meses del presunto autor del hecho, quien es oriundo y reside en la localidad serrana.<\/p>\n\n\n\n<p>&#8220;No hab\u00eda denuncias anteriores ni intervenci\u00f3n por parte de ning\u00fan organismo ni en La Rioja ni en Capilla del Monte, pero si hab\u00eda habido escenas de violencia hacia la mujer que no hab\u00edan sido denunciadas&#8221;, afirm\u00f3&nbsp;Kelm.<\/p>\n","protected":false},"excerpt":{"rendered":"<p>El agresor y su esposa estaban separados. El brutal hecho ocurri\u00f3 este mi\u00e9rcoles por la tarde en la casa del agresor. Seg\u00fan cont\u00f3 la ex pareja del agresor, tras el ataque, \u00e9l le envi\u00f3 una foto de los ni\u00f1os lastimados, por lo que la fiscal\u00eda a cargo del caso podr\u00eda imputar al acusado por el [&hellip;]<\/p>\n","protected":false},"author":2,"featured_media":9756,"comment_status":"open","ping_status":"open","sticky":false,"template":"","format":"standard","meta":{"tdm_status":"","tdm_grid_status":"","_joinchat":[],"footnotes":""},"categories":[73],"tags":[],"class_list":{"0":"post-9755","1":"post","2":"type-post","3":"status-publish","4":"format-standard","5":"has-post-thumbnail","7":"category-noticias-general"},"amp_enabled":true,"_links":{"self":[{"href":"https:\/\/www.todoeldia.com\/index.php\/wp-json\/wp\/v2\/posts\/9755","targetHints":{"allow":["GET"]}}],"collection":[{"href":"https:\/\/www.todoeldia.com\/index.php\/wp-json\/wp\/v2\/posts"}],"about":[{"href":"https:\/\/www.todoeldia.com\/index.php\/wp-json\/wp\/v2\/types\/post"}],"author":[{"embeddable":true,"href":"https:\/\/www.todoeldia.com\/index.php\/wp-json\/wp\/v2\/users\/2"}],"replies":[{"embeddable":true,"href":"https:\/\/www.todoeldia.com\/index.php\/wp-json\/wp\/v2\/comments?post=9755"}],"version-history":[{"count":1,"href":"https:\/\/www.todoeldia.com\/index.php\/wp-json\/wp\/v2\/posts\/9755\/revisions"}],"predecessor-version":[{"id":9758,"href":"https:\/\/www.todoeldia.com\/index.php\/wp-json\/wp\/v2\/posts\/9755\/revisions\/9758"}],"wp:featuredmedia":[{"embeddable":true,"href":"https:\/\/www.todoeldia.com\/index.php\/wp-json\/wp\/v2\/media\/9756"}],"wp:attachment":[{"href":"https:\/\/www.todoeldia.com\/index.php\/wp-json\/wp\/v2\/media?parent=9755"}],"wp:term":[{"taxonomy":"category","embeddable":true,"href":"https:\/\/www.todoeldia.com\/index.php\/wp-json\/wp\/v2\/categories?post=9755"},{"taxonomy":"post_tag","embeddable":true,"href":"https:\/\/www.todoeldia.com\/index.php\/wp-json\/wp\/v2\/tags?post=9755"}],"curies":[{"name":"wp","href":"https:\/\/api.w.org\/{rel}","templated":true}]}}