{"id":97817,"date":"2025-07-31T11:40:44","date_gmt":"2025-07-31T14:40:44","guid":{"rendered":"https:\/\/www.todoeldia.com\/?p=97817"},"modified":"2025-07-31T11:40:44","modified_gmt":"2025-07-31T14:40:44","slug":"educacion-exige-a-los-directores-la-nomina-de-los-maestros-adheridos-al-paro-docente","status":"publish","type":"post","link":"https:\/\/www.todoeldia.com\/index.php\/2025\/07\/31\/educacion-exige-a-los-directores-la-nomina-de-los-maestros-adheridos-al-paro-docente\/","title":{"rendered":"Educaci\u00f3n exige a los directores la n\u00f3mina de los maestros adheridos al paro docente"},"content":{"rendered":"\n<p>La Ministra de Educaci\u00f3n, Cristina Fiore de Hanne remiti\u00f3 a los directores de todos los establecimientos educacionales una planilla donde los intima a colocar con nombre y apellido los docentes adheridos al paro.<\/p>\n\n\n\n<figure class=\"wp-block-image size-full\"><img loading=\"lazy\" decoding=\"async\" width=\"940\" height=\"496\" src=\"https:\/\/www.todoeldia.com\/wp-content\/uploads\/2025\/07\/image-169.png\" alt=\"\" class=\"wp-image-97818\" srcset=\"https:\/\/www.todoeldia.com\/wp-content\/uploads\/2025\/07\/image-169.png 940w, https:\/\/www.todoeldia.com\/wp-content\/uploads\/2025\/07\/image-169-300x158.png 300w, https:\/\/www.todoeldia.com\/wp-content\/uploads\/2025\/07\/image-169-768x405.png 768w, https:\/\/www.todoeldia.com\/wp-content\/uploads\/2025\/07\/image-169-796x420.png 796w, https:\/\/www.todoeldia.com\/wp-content\/uploads\/2025\/07\/image-169-696x367.png 696w\" sizes=\"auto, (max-width: 940px) 100vw, 940px\" \/><\/figure>\n\n\n\n<p>La denominada planilla nominal de adhesi\u00f3n al paro debe ser confeccionada y remitida de forma inmediata al ministerio de Educaci\u00f3n, para que el organismo descuente los d\u00edas de adhesi\u00f3n a la medida de fuerza.<\/p>\n","protected":false},"excerpt":{"rendered":"<p>La Ministra de Educaci\u00f3n, Cristina Fiore de Hanne remiti\u00f3 a los directores de todos los establecimientos educacionales una planilla donde los intima a colocar con nombre y apellido los docentes adheridos al paro. La denominada planilla nominal de adhesi\u00f3n al paro debe ser confeccionada y remitida de forma inmediata al ministerio de Educaci\u00f3n, para que [&hellip;]<\/p>\n","protected":false},"author":2,"featured_media":13261,"comment_status":"open","ping_status":"open","sticky":false,"template":"","format":"standard","meta":{"tdm_status":"","tdm_grid_status":"","_joinchat":[],"footnotes":""},"categories":[61],"tags":[],"class_list":{"0":"post-97817","1":"post","2":"type-post","3":"status-publish","4":"format-standard","5":"has-post-thumbnail","7":"category-educacion"},"amp_enabled":true,"_links":{"self":[{"href":"https:\/\/www.todoeldia.com\/index.php\/wp-json\/wp\/v2\/posts\/97817","targetHints":{"allow":["GET"]}}],"collection":[{"href":"https:\/\/www.todoeldia.com\/index.php\/wp-json\/wp\/v2\/posts"}],"about":[{"href":"https:\/\/www.todoeldia.com\/index.php\/wp-json\/wp\/v2\/types\/post"}],"author":[{"embeddable":true,"href":"https:\/\/www.todoeldia.com\/index.php\/wp-json\/wp\/v2\/users\/2"}],"replies":[{"embeddable":true,"href":"https:\/\/www.todoeldia.com\/index.php\/wp-json\/wp\/v2\/comments?post=97817"}],"version-history":[{"count":1,"href":"https:\/\/www.todoeldia.com\/index.php\/wp-json\/wp\/v2\/posts\/97817\/revisions"}],"predecessor-version":[{"id":97819,"href":"https:\/\/www.todoeldia.com\/index.php\/wp-json\/wp\/v2\/posts\/97817\/revisions\/97819"}],"wp:featuredmedia":[{"embeddable":true,"href":"https:\/\/www.todoeldia.com\/index.php\/wp-json\/wp\/v2\/media\/13261"}],"wp:attachment":[{"href":"https:\/\/www.todoeldia.com\/index.php\/wp-json\/wp\/v2\/media?parent=97817"}],"wp:term":[{"taxonomy":"category","embeddable":true,"href":"https:\/\/www.todoeldia.com\/index.php\/wp-json\/wp\/v2\/categories?post=97817"},{"taxonomy":"post_tag","embeddable":true,"href":"https:\/\/www.todoeldia.com\/index.php\/wp-json\/wp\/v2\/tags?post=97817"}],"curies":[{"name":"wp","href":"https:\/\/api.w.org\/{rel}","templated":true}]}}