{"id":9826,"date":"2020-10-29T19:32:02","date_gmt":"2020-10-29T22:32:02","guid":{"rendered":"https:\/\/www.todoeldia.com\/?p=9826"},"modified":"2020-10-29T19:34:42","modified_gmt":"2020-10-29T22:34:42","slug":"el-gobierno-amplio-la-auh-a-un-millon-de-ninos-y-elimino-el-tope-de-cinco-hijos-para-acceder-al-beneficio","status":"publish","type":"post","link":"https:\/\/www.todoeldia.com\/index.php\/2020\/10\/29\/el-gobierno-amplio-la-auh-a-un-millon-de-ninos-y-elimino-el-tope-de-cinco-hijos-para-acceder-al-beneficio\/","title":{"rendered":"El Gobierno ampli\u00f3 la AUH a un mill\u00f3n de ni\u00f1os y elimin\u00f3 el tope de cinco hijos para acceder al beneficio"},"content":{"rendered":"\n<p>El Presidente anunci\u00f3 la puesta en marcha de un decreto que ampl\u00eda la base actual de 2,4 millones de beneficiarios del plan para padres de sectores vulnerables<\/p>\n\n\n\n<p>El Gobierno anunci\u00f3 la puesta en marcha de un decreto presidencial que redefine la Asignaci\u00f3n Universal por Hijo (AUH) para&nbsp;ampliar este programa a un mill\u00f3n de ni\u00f1as, ni\u00f1os y adolescentes, a la vez que elimina el tope de 5 hijos para que las familias puedan cobrar este beneficio social.<\/p>\n\n\n\n<p>Alberto Fern\u00e1ndez&nbsp;destac\u00f3 que \u201cla Asignaci\u00f3n Universal por Hijo fue una revoluci\u00f3n en el sistema social de Argentina\u201d. Record\u00f3 as\u00ed que&nbsp;Cristina Kirchner&nbsp;fue quien impuls\u00f3 durante su mandato este amplio programa social creado el 30 de octubre de 2009 y destinado a los hijos menores de 18 a\u00f1os de familias vulnerables.<\/p>\n\n\n\n<p>Por otra parte, el jefe de Estado remarc\u00f3 que aquellos beneficiarios que por la pandemia no pudieron cumplir con los requisitos de escolaridad y cronograma de vacunaci\u00f3n de sus hijos que prev\u00e9 la AUH como contraprestaci\u00f3n,&nbsp;igualmente seguir\u00e1n cubiertos por el programa.<\/p>\n","protected":false},"excerpt":{"rendered":"<p>El Presidente anunci\u00f3 la puesta en marcha de un decreto que ampl\u00eda la base actual de 2,4 millones de beneficiarios del plan para padres de sectores vulnerables El Gobierno anunci\u00f3 la puesta en marcha de un decreto presidencial que redefine la Asignaci\u00f3n Universal por Hijo (AUH) para&nbsp;ampliar este programa a un mill\u00f3n de ni\u00f1as, ni\u00f1os [&hellip;]<\/p>\n","protected":false},"author":2,"featured_media":9830,"comment_status":"open","ping_status":"open","sticky":false,"template":"","format":"standard","meta":{"tdm_status":"","tdm_grid_status":"","_joinchat":[],"footnotes":""},"categories":[59],"tags":[],"class_list":{"0":"post-9826","1":"post","2":"type-post","3":"status-publish","4":"format-standard","5":"has-post-thumbnail","7":"category-politica"},"amp_enabled":true,"_links":{"self":[{"href":"https:\/\/www.todoeldia.com\/index.php\/wp-json\/wp\/v2\/posts\/9826","targetHints":{"allow":["GET"]}}],"collection":[{"href":"https:\/\/www.todoeldia.com\/index.php\/wp-json\/wp\/v2\/posts"}],"about":[{"href":"https:\/\/www.todoeldia.com\/index.php\/wp-json\/wp\/v2\/types\/post"}],"author":[{"embeddable":true,"href":"https:\/\/www.todoeldia.com\/index.php\/wp-json\/wp\/v2\/users\/2"}],"replies":[{"embeddable":true,"href":"https:\/\/www.todoeldia.com\/index.php\/wp-json\/wp\/v2\/comments?post=9826"}],"version-history":[{"count":1,"href":"https:\/\/www.todoeldia.com\/index.php\/wp-json\/wp\/v2\/posts\/9826\/revisions"}],"predecessor-version":[{"id":9828,"href":"https:\/\/www.todoeldia.com\/index.php\/wp-json\/wp\/v2\/posts\/9826\/revisions\/9828"}],"wp:featuredmedia":[{"embeddable":true,"href":"https:\/\/www.todoeldia.com\/index.php\/wp-json\/wp\/v2\/media\/9830"}],"wp:attachment":[{"href":"https:\/\/www.todoeldia.com\/index.php\/wp-json\/wp\/v2\/media?parent=9826"}],"wp:term":[{"taxonomy":"category","embeddable":true,"href":"https:\/\/www.todoeldia.com\/index.php\/wp-json\/wp\/v2\/categories?post=9826"},{"taxonomy":"post_tag","embeddable":true,"href":"https:\/\/www.todoeldia.com\/index.php\/wp-json\/wp\/v2\/tags?post=9826"}],"curies":[{"name":"wp","href":"https:\/\/api.w.org\/{rel}","templated":true}]}}