{"id":9882,"date":"2020-10-30T09:54:12","date_gmt":"2020-10-30T12:54:12","guid":{"rendered":"https:\/\/www.todoeldia.com\/?p=9882"},"modified":"2020-10-30T09:54:13","modified_gmt":"2020-10-30T12:54:13","slug":"alarmante-incremento-de-la-pobreza-en-salta-en-menos-de-un-ano-se-duplicaron-los-merenderos","status":"publish","type":"post","link":"https:\/\/www.todoeldia.com\/index.php\/2020\/10\/30\/alarmante-incremento-de-la-pobreza-en-salta-en-menos-de-un-ano-se-duplicaron-los-merenderos\/","title":{"rendered":"Alarmante incremento de la pobreza en Salta, en menos de un a\u00f1o se duplicaron los merenderos"},"content":{"rendered":"\n<p>La Ministra de Desarrollo Social, Ver\u00f3nica Figueroa&nbsp; puso al desnudo el alarmente incremento de la pobreza en Salta con la proliferaron en los barrios de merenderos dado la crisis sanitaria y econ\u00f3mica que signific\u00f3 la pandemia de coronavirus.<\/p>\n\n\n\n<p>\u201cLos ni\u00f1os son prioridad porque si no se alimentan bien, no se van a poder desarrollar, porque estos no son beneficios, sino que deben ser propuestas de superaci\u00f3n y proyectos de vida, y a eso tenemos que apostar\u201d, reflexion\u00f3 la funcionaria provincial en su visita al programa De Buena Fuente de TV2 Salta.<\/p>\n\n\n\n<p>All\u00ed, admiti\u00f3 que \u201cpor necesidad, empezaron a gestarse nuevos merenderos y comedores, donde arrancamos la gesti\u00f3n con 445 y hoy tenemos 1020, y hay mucha gente que no puede salir a trabajar porque tiene los ni\u00f1os en la casa y no los pueden dejar solos\u201d.<\/p>\n\n\n\n<p>\u201cMucha gente est\u00e1 haciendo una tarea tit\u00e1nica, y estamos peleando para que en el presupuesto 2021 haya una ayuda m\u00e1s grande para comedores y merenderos\u201d, adelant\u00f3.&nbsp;<\/p>\n","protected":false},"excerpt":{"rendered":"<p>La Ministra de Desarrollo Social, Ver\u00f3nica Figueroa&nbsp; puso al desnudo el alarmente incremento de la pobreza en Salta con la proliferaron en los barrios de merenderos dado la crisis sanitaria y econ\u00f3mica que signific\u00f3 la pandemia de coronavirus. \u201cLos ni\u00f1os son prioridad porque si no se alimentan bien, no se van a poder desarrollar, porque [&hellip;]<\/p>\n","protected":false},"author":2,"featured_media":9883,"comment_status":"open","ping_status":"open","sticky":false,"template":"","format":"standard","meta":{"tdm_status":"","tdm_grid_status":"","_joinchat":[],"footnotes":""},"categories":[69],"tags":[],"class_list":{"0":"post-9882","1":"post","2":"type-post","3":"status-publish","4":"format-standard","5":"has-post-thumbnail","7":"category-salta"},"amp_enabled":true,"_links":{"self":[{"href":"https:\/\/www.todoeldia.com\/index.php\/wp-json\/wp\/v2\/posts\/9882","targetHints":{"allow":["GET"]}}],"collection":[{"href":"https:\/\/www.todoeldia.com\/index.php\/wp-json\/wp\/v2\/posts"}],"about":[{"href":"https:\/\/www.todoeldia.com\/index.php\/wp-json\/wp\/v2\/types\/post"}],"author":[{"embeddable":true,"href":"https:\/\/www.todoeldia.com\/index.php\/wp-json\/wp\/v2\/users\/2"}],"replies":[{"embeddable":true,"href":"https:\/\/www.todoeldia.com\/index.php\/wp-json\/wp\/v2\/comments?post=9882"}],"version-history":[{"count":1,"href":"https:\/\/www.todoeldia.com\/index.php\/wp-json\/wp\/v2\/posts\/9882\/revisions"}],"predecessor-version":[{"id":9884,"href":"https:\/\/www.todoeldia.com\/index.php\/wp-json\/wp\/v2\/posts\/9882\/revisions\/9884"}],"wp:featuredmedia":[{"embeddable":true,"href":"https:\/\/www.todoeldia.com\/index.php\/wp-json\/wp\/v2\/media\/9883"}],"wp:attachment":[{"href":"https:\/\/www.todoeldia.com\/index.php\/wp-json\/wp\/v2\/media?parent=9882"}],"wp:term":[{"taxonomy":"category","embeddable":true,"href":"https:\/\/www.todoeldia.com\/index.php\/wp-json\/wp\/v2\/categories?post=9882"},{"taxonomy":"post_tag","embeddable":true,"href":"https:\/\/www.todoeldia.com\/index.php\/wp-json\/wp\/v2\/tags?post=9882"}],"curies":[{"name":"wp","href":"https:\/\/api.w.org\/{rel}","templated":true}]}}