{"id":9995,"date":"2020-10-31T20:51:32","date_gmt":"2020-10-31T23:51:32","guid":{"rendered":"https:\/\/www.todoeldia.com\/?p=9995"},"modified":"2020-10-31T20:51:33","modified_gmt":"2020-10-31T23:51:33","slug":"el-gobierno-bonaerense-llego-a-un-acuerdo-con-los-presos-amotinados-y-el-14-de-noviembre-regresaran-las-visitas-familiares","status":"publish","type":"post","link":"https:\/\/www.todoeldia.com\/index.php\/2020\/10\/31\/el-gobierno-bonaerense-llego-a-un-acuerdo-con-los-presos-amotinados-y-el-14-de-noviembre-regresaran-las-visitas-familiares\/","title":{"rendered":"El Gobierno bonaerense lleg\u00f3 a un acuerdo con los presos amotinados y el 14 de noviembre regresar\u00e1n las visitas familiares"},"content":{"rendered":"\n<p>Las autoridades penitenciarias detallaron que en dos semanas volver\u00e1n a permitir las visitas. La determinaci\u00f3n desactiv\u00f3 un conflicto en seis penales de la provincia de Buenos Aires luego de que se registraran incidentes y toma de rehenes<\/p>\n\n\n\n<p>Tras un conflicto que se inici\u00f3 hace varios d\u00edas en diferentes penales de la provincia de Buenos Aires, fuentes del Servicio Penitenciario Bonaerense (SPB) le confirmaron a&nbsp;Infobae&nbsp;que&nbsp;el s\u00e1bado 14 de noviembre se habilitar\u00e1n las visitas a la unidades penitenciarias de la Provincia, \u201cdando estricto cumplimiento a los protocolos de seguridad sanitaria para la preservaci\u00f3n de la salud p\u00fablica\u201d.<\/p>\n\n\n\n<p>El acuerdo desactiv\u00f3 una intensa y violenta jornada luego de que\u00a0las visitas de los familiares de los internos resultaron suspendidas el 12 de marzo de este a\u00f1o para evitar la propagaci\u00f3n del COVID-19 en las c\u00e1rceles.<\/p>\n\n\n\n<figure class=\"wp-block-image is-resized\"><img loading=\"lazy\" decoding=\"async\" src=\"https:\/\/www.infobae.com\/new-resizer\/00TXu0MahfeIFRGJGZK-bw0FU2o=\/420x560\/filters:format(jpg):quality(85)\/\/cloudfront-us-east-1.images.arcpublishing.com\/infobae\/3LGTHCBD55BTDDWPIU64GA7JFQ.jpg\" alt=\"En la Unidad 23 comenzaron una huelga de hambre\" width=\"1071\" height=\"1461\"\/><figcaption>En la Unidad 23 comenzaron una huelga de hambre<\/figcaption><\/figure>\n\n\n\n<p>Los presos de las&nbsp;c\u00e1rceles de la provincia de Buenos Aires&nbsp;volvieron esta semana a&nbsp;reclamar que se reanude el r\u00e9gimen de visitas y que mejoren las condiciones de alojamiento.&nbsp;Las protestas comenzaron el lunes pasado en la Unidad Penitenciaria N\u00ba 42 de Florencio Varela, donde los internos anunciaron una huelga de hambre hasta que atendieran su pedido. Las manifestaciones luego se replicaron en otros complejos carcelarios.&nbsp;Y hoy los detenidos tambi\u00e9n tomaron los techos.<\/p>\n\n\n\n<p>Fuentes penitenciaras le agregaron a este medio que \u201cse pudo arribar a este acuerdo a trav\u00e9s del funcionamiento de las mesas de di\u00e1logo que se conformaron en los penales de la Provincia y en donde participaron autoridades del Ministerio de Justicia y Derechos Humanos, representantes del Poder Judicial y organismos de Derechos Humanos\u201d.<\/p>\n\n\n\n<p>Eso sucedi\u00f3, por ejemplo, en el penal 10 de Melchor Romero, en La Plata. All\u00ed los reclusos subieron a las terrazas, con los brazos envueltos en frazadas. Con el correr de las horas comenzaron a registrarse incidentes, a pesar de las palabras de uno de los internos:&nbsp;\u201cEsto es pac\u00edfico, ac\u00e1 no hay quilombo. Estamos reclamando los beneficios que nos corresponden\u201d.<\/p>\n\n\n\n<p>Una versi\u00f3n que circul\u00f3 entre los detenidos es que hubo muertos en San Mart\u00edn. Fuentes judiciales le aseguraron a\u00a0Infobae\u00a0que no ten\u00edan confirmado de acuerdo a la informaci\u00f3n que recib\u00edan del Servicio Penitenciario Bonaerense (SPB).\u00a0\u201cNo es lo que est\u00e1n informando las autoridades penitenciarias\u201d, dijo un alto funcionario en el fuero penal de San Mart\u00edn.<\/p>\n\n\n\n<figure class=\"wp-block-image is-resized\"><img loading=\"lazy\" decoding=\"async\" src=\"https:\/\/www.infobae.com\/new-resizer\/-e-iLl58bDjd8Hl3ZGYLQ4iIPEs=\/420x560\/filters:format(jpg):quality(85)\/\/cloudfront-us-east-1.images.arcpublishing.com\/infobae\/E6PPNN7MGBH7FISBC4CXIF6VIM.jpg\" alt=\"Los presos en las terrazas del penal de Melchor Romero\" width=\"1063\" height=\"1449\"\/><figcaption>Los presos en las terrazas del penal de Melchor Romero<\/figcaption><\/figure>\n\n\n\n<p>Precisamente en las unidades de San Mart\u00edn (46, 47 y 48) se vivieron momentos de mucha violencia. La situaci\u00f3n m\u00e1s tensa se registr\u00f3 all\u00ed, en donde los reclusos tomaron a tres mujeres y cinco hombres (todos celadores) de rehenes. \u201cTodos fueron liberadores con el correr de las horas\u201d, precisaron fuentes del gobierno bonaerense a&nbsp;Infobae.<\/p>\n\n\n\n<p>A medida que transcurri\u00f3 la ma\u00f1ana de hoy se produjeron revueltas en otros complejos penitenciarios, como en la\u00a0Unidad 13 de Jun\u00edn, las Unidades 21 y 41 de Campana, la Unidad 40 de Lomas de Zamora y las Unidades 23, 24, 31 y 42 de Florencio Varela. En algunos casos, los detenidos hacen alarde de tener totalmente tomadas las instalaciones. En otros, el patio de los complejos son escenarios de enfrentamientos con agentes penitenciarios. Las filmaciones viralizadas muestran a los reclusos arrojando piedras y otros proyectiles, mientras de fondo se escuchan bombas de estruendo.<\/p>\n\n\n\n<figure class=\"wp-block-image is-resized\"><img loading=\"lazy\" decoding=\"async\" src=\"https:\/\/www.infobae.com\/new-resizer\/4Na9ft0kihE9Ao8h9gETbflNSss=\/420x236\/filters:format(jpg):quality(85)\/\/cloudfront-us-east-1.images.arcpublishing.com\/infobae\/RGHGQ4TZUBDBJANBFQDMTY4LEI.jpeg\" alt=\"infobae-image\" width=\"1060\" height=\"628\"\/><\/figure>\n\n\n\n<p>La Unidad N\u00b0 10 de Melchor Romero aloja a 150 detenidos, con la particularidad de que los ocupantes est\u00e1n al final de sus condenas. Es una de tres en la zona junto a la N\u00b0 34 para detenidos con diagn\u00f3sticos psiqui\u00e1tricos y la Alcald\u00eda N\u00b0 3 donde&nbsp;est\u00e1n detenidos los ocho rugbiers acusados de matar a golpes a Fernando B\u00e1ez Sosa.<\/p>\n","protected":false},"excerpt":{"rendered":"<p>Las autoridades penitenciarias detallaron que en dos semanas volver\u00e1n a permitir las visitas. La determinaci\u00f3n desactiv\u00f3 un conflicto en seis penales de la provincia de Buenos Aires luego de que se registraran incidentes y toma de rehenes Tras un conflicto que se inici\u00f3 hace varios d\u00edas en diferentes penales de la provincia de Buenos Aires, [&hellip;]<\/p>\n","protected":false},"author":2,"featured_media":9996,"comment_status":"open","ping_status":"open","sticky":false,"template":"","format":"standard","meta":{"tdm_status":"","tdm_grid_status":"","_joinchat":[],"footnotes":""},"categories":[73],"tags":[],"class_list":{"0":"post-9995","1":"post","2":"type-post","3":"status-publish","4":"format-standard","5":"has-post-thumbnail","7":"category-noticias-general"},"amp_enabled":true,"_links":{"self":[{"href":"https:\/\/www.todoeldia.com\/index.php\/wp-json\/wp\/v2\/posts\/9995","targetHints":{"allow":["GET"]}}],"collection":[{"href":"https:\/\/www.todoeldia.com\/index.php\/wp-json\/wp\/v2\/posts"}],"about":[{"href":"https:\/\/www.todoeldia.com\/index.php\/wp-json\/wp\/v2\/types\/post"}],"author":[{"embeddable":true,"href":"https:\/\/www.todoeldia.com\/index.php\/wp-json\/wp\/v2\/users\/2"}],"replies":[{"embeddable":true,"href":"https:\/\/www.todoeldia.com\/index.php\/wp-json\/wp\/v2\/comments?post=9995"}],"version-history":[{"count":2,"href":"https:\/\/www.todoeldia.com\/index.php\/wp-json\/wp\/v2\/posts\/9995\/revisions"}],"predecessor-version":[{"id":9998,"href":"https:\/\/www.todoeldia.com\/index.php\/wp-json\/wp\/v2\/posts\/9995\/revisions\/9998"}],"wp:featuredmedia":[{"embeddable":true,"href":"https:\/\/www.todoeldia.com\/index.php\/wp-json\/wp\/v2\/media\/9996"}],"wp:attachment":[{"href":"https:\/\/www.todoeldia.com\/index.php\/wp-json\/wp\/v2\/media?parent=9995"}],"wp:term":[{"taxonomy":"category","embeddable":true,"href":"https:\/\/www.todoeldia.com\/index.php\/wp-json\/wp\/v2\/categories?post=9995"},{"taxonomy":"post_tag","embeddable":true,"href":"https:\/\/www.todoeldia.com\/index.php\/wp-json\/wp\/v2\/tags?post=9995"}],"curies":[{"name":"wp","href":"https:\/\/api.w.org\/{rel}","templated":true}]}}