{"id":9999,"date":"2020-10-31T20:56:09","date_gmt":"2020-10-31T23:56:09","guid":{"rendered":"https:\/\/www.todoeldia.com\/?p=9999"},"modified":"2020-10-31T20:56:53","modified_gmt":"2020-10-31T23:56:53","slug":"carrio-regresa-al-escenario-politico-y-busca-un-acuerdo-estrategico-con-rodriguez-larreta-y-vidal","status":"publish","type":"post","link":"https:\/\/www.todoeldia.com\/index.php\/2020\/10\/31\/carrio-regresa-al-escenario-politico-y-busca-un-acuerdo-estrategico-con-rodriguez-larreta-y-vidal\/","title":{"rendered":"Carri\u00f3 regresa al escenario pol\u00edtico y busca un acuerdo estrat\u00e9gico con Rodr\u00edguez Larreta y Vidal"},"content":{"rendered":"\n<p>El c\u00f3nclave que organiz\u00f3 con el jefe de Gobierno porte\u00f1o y la ex gobernadora bonaerense se sum\u00f3 a las duras declaraciones contra Mauricio Macri. Las versi\u00f3n oficial y las interpretaciones del \u201cala dura\u201d<\/p>\n\n\n\n<p>La ex diputada&nbsp;Elisa Carri\u00f3&nbsp;sacudi\u00f3 esta semana el tablero pol\u00edtico con una serie de jugadas estrat\u00e9gicas que&nbsp;ya anticipan su regreso pleno a la arena pol\u00edtica tras un semi retiro que apenas dur\u00f3 algunos meses.<\/p>\n\n\n\n<p>A principios de la semana la fundadora de la Coalici\u00f3n C\u00edvica sorprendi\u00f3 tanto a los oficialistas del Frente de Todos como a sus compa\u00f1eros de Juntos por el Cambio cuando\u00a0<a rel=\"noreferrer noopener\" href=\"https:\/\/www.infobae.com\/politica\/2020\/10\/28\/elisa-carrio-ratifico-su-apoyo-para-que-daniel-rafecas-sea-procurador-y-critico-a-los-dirigentes-de-la-oposicion-que-no-respaldaron-su-iniciativa\/\" target=\"_blank\">respald\u00f3 la designaci\u00f3n de Daniel Refecas como nuevo procurador.<\/a><\/p>\n\n\n\n<figure class=\"wp-block-image is-resized\"><img loading=\"lazy\" decoding=\"async\" src=\"https:\/\/www.infobae.com\/new-resizer\/y1jEu9nUIrC0_vVHV3wzQI3h7ws=\/420x236\/filters:format(jpg):quality(85)\/\/cloudfront-us-east-1.images.arcpublishing.com\/infobae\/PX4QUYFBBJETXPQESAJKDKLEPM.jpg\" alt=\"Mauricio Macri (Nicol\u00e1s Stulberg)\" width=\"1056\" height=\"625\"\/><\/figure>\n\n\n\n<p>Sobre ese punto, le pidi\u00f3 a la oposici\u00f3n que salga de las \u201cpeque\u00f1eces personales\u201d y facilite el qu\u00f3rum especial que necesita el Congreso para avanzar con la nominaci\u00f3n propuesta por el presidente Alberto Fern\u00e1ndez.<\/p>\n\n\n\n<p>Apenas tres d\u00edas m\u00e1s tarde tir\u00f3 otra bomba.&nbsp;En una entrevista&nbsp;<a href=\"https:\/\/www.infobae.com\/politica\/2020\/10\/29\/elisa-carrio-macri-ya-fue\/\" target=\"_blank\" rel=\"noreferrer noopener\">asegur\u00f3 que \u201cMacri ya fue\u201d<\/a>&nbsp;y revel\u00f3 que ahora \u201cest\u00e1 enojada\u201d con el ex presidente.<\/p>\n\n\n\n<p>Sus declaraciones se enmarcaron en la silenciosa disputa interna por el liderazgo de Juntos por el Cambio entre los \u201cduros\u201d y los \u201cmoderados\u201d. Apenas dos d\u00edas despu\u00e9s, se mostr\u00f3 sonriente en&nbsp;<a href=\"https:\/\/www.infobae.com\/politica\/2020\/10\/30\/carrio-recibio-a-rodriguez-larreta-y-a-vidal-en-su-casa-con-el-objetivo-de-fortalecer-a-juntos-por-el-cambio\/\" target=\"_blank\" rel=\"noreferrer noopener\">un c\u00f3nclave que tuvo lugar en su casa de Exaltaci\u00f3n de la Cruz<\/a>&nbsp;junto a Horacio Rodr\u00edguez Larreta y Mar\u00eda Eugenia Vidal.<\/p>\n\n\n\n<p>Los voceros del jefe de Gobierno y de la ex gobernadora bonaerense se encargaron de bajarle el tono a la reuni\u00f3n para que no sea interpretada como una profundizaci\u00f3n de las tensiones internas.&nbsp;Incluso remarcaron que el encuentro hab\u00eda sido programado unos diez d\u00edas antes cuando todav\u00eda Carri\u00f3 no se hab\u00eda pronunciado sobre Rafecas y Cristina Kirchner no hab\u00eda publicado&nbsp;<a href=\"https:\/\/www.infobae.com\/politica\/2020\/10\/26\/cristina-kirchner-dijo-que-el-problema-con-el-dolar-es-el-mas-grave-que-tiene-el-pais-y-pidio-un-acuerdo-que-abarque-al-conjunto-de-los-sectores-politicos-y-economicos\/\" target=\"_blank\" rel=\"noreferrer noopener\">su carta llamando a un acuerdo con todos los sectores.<\/a><\/p>\n\n\n\n<p>Adem\u00e1s, afirmaron que el apoyo a&nbsp;Rafecas no fue el tema central de la reuni\u00f3n sino que se concentraron en \u201cfortalecer la relaci\u00f3n pol\u00edtica\u201d&nbsp;al interior de la coalici\u00f3n y se intercambiaron opiniones \u201csobre la situaci\u00f3n econ\u00f3mica, social e institucional\u201d.<\/p>\n\n\n\n<p>Sin embargo, allegados a Macri y otros miembros del \u201cala dura\u201d -que comanda Patricia Bullrich-&nbsp;leyeron las cr\u00edticas al ex presidente y la reuni\u00f3n privada en Exaltaci\u00f3n de la Cruz como un apoyo expl\u00edcito al sector dialoguista de Horacio Rodr\u00edguez Larreta.<\/p>\n\n\n\n<p>Tambi\u00e9n explicaron que si el alcalde y la gobernadora hubieran querido mantenerse equidistantes&nbsp;podr\u00edan haber reprogramado el encuentro o simplemente optado por no difundirlo a trav\u00e9s de las redes sociales.&nbsp;En esa l\u00ednea, el respaldo del vicejefe porte\u00f1o&nbsp;Diego Santilli&nbsp;a la postura de Carri\u00f3 frente a Rafecas fue otro argumento m\u00e1s para confirmar que Rodr\u00edguez Larreta y Vidal estaban al tanto de toda la jugada.<\/p>\n\n\n\n<p>En simult\u00e1neo, el ex presidente<a rel=\"noreferrer noopener\" href=\"https:\/\/www.infobae.com\/politica\/2020\/10\/30\/mauricio-macri-nego-contactos-con-el-gobierno-y-explico-cuales-son-sus-condiciones-para-sentarse-a-dialogar\/\" target=\"_blank\">\u00a0se apur\u00f3 a poner condiciones para un acuerdo con el Gobierno nacional<\/a>. Entre otras, \u201cdar de baja el embate a la Justicia, al procurador, a la Corte y a la propiedad privada\u201d, y \u201cpromueva la generaci\u00f3n de empleo y de la producci\u00f3n, abiertos al mundo de una manera inteligente\u201d, frente a la crisis econ\u00f3mica que abate al pa\u00eds.\u00a0No le habl\u00f3 solo al Frente de Todos sino que tambi\u00e9n apunt\u00f3 contra Rodr\u00edguez Larreta y estrategia de \u201cbuen vecino\u201d con Alberto Fern\u00e1ndez.<\/p>\n\n\n\n<figure class=\"wp-block-image is-resized\"><img loading=\"lazy\" decoding=\"async\" src=\"https:\/\/www.infobae.com\/new-resizer\/N5WhF36UtxY_KbfnVNR0HaIFFMI=\/420x236\/filters:format(jpg):quality(85)\/\/cloudfront-us-east-1.images.arcpublishing.com\/infobae\/NGP5QWQ4PZAQ3DZ357CHKJXWZE.jpg\" alt=\"Alfredo Cornejo (Gustavo Gavotti)\" width=\"1061\" height=\"628\"\/><figcaption>Alfredo Cornejo<\/figcaption><\/figure>\n\n\n\n<p>Hoy, el presidente de la Uni\u00f3n C\u00edvica Radical (UCR)&nbsp;Alfredo Cornejo&nbsp;y el ex candidato a vicepresidente,&nbsp;Miguel \u00c1ngel Pichetto,&nbsp;<a href=\"https:\/\/www.infobae.com\/politica\/2020\/10\/31\/interna-en-juntos-por-el-cambio-pichetto-y-cornejo-respaldaron-a-mauricio-macri-tras-las-criticas-de-elisa-carrio\/\" target=\"_blank\" rel=\"noreferrer noopener\">salieron en defensa de Macri<\/a>&nbsp;y aclararon que \u201cno sobra nadie\u201d dentro de Juntos por el Cambio.<\/p>\n\n\n\n<p>\u201cNo tenemos que tirar a nadie por la ventana\u201d, afirm\u00f3 Cornejo a CNN Radio. Por su parte, Pichetto agreg\u00f3:&nbsp;\u201cMacri no fue. Es alguien que tiene 30 puntos, tiene una historia, fund\u00f3 un partido, es el due\u00f1o de un conjunto de ideas, y lo conocen en el pueblo m\u00e1s rec\u00f3ndito del pa\u00eds\u201d.<\/p>\n\n\n\n<p>Mientras las tensiones parecen recrudecer, todos dentro de Juntos por el Cambio coinciden en que el principal objetivo pol\u00edtico es mantener la unidad.&nbsp;La pr\u00f3xima reuni\u00f3n de la Mesa Nacional ser\u00e1 clave para limar asperezas y ajustar la estrategia pol\u00edtica.<\/p>\n","protected":false},"excerpt":{"rendered":"<p>El c\u00f3nclave que organiz\u00f3 con el jefe de Gobierno porte\u00f1o y la ex gobernadora bonaerense se sum\u00f3 a las duras declaraciones contra Mauricio Macri. Las versi\u00f3n oficial y las interpretaciones del \u201cala dura\u201d La ex diputada&nbsp;Elisa Carri\u00f3&nbsp;sacudi\u00f3 esta semana el tablero pol\u00edtico con una serie de jugadas estrat\u00e9gicas que&nbsp;ya anticipan su regreso pleno a la [&hellip;]<\/p>\n","protected":false},"author":2,"featured_media":10002,"comment_status":"open","ping_status":"open","sticky":false,"template":"","format":"standard","meta":{"tdm_status":"","tdm_grid_status":"","_joinchat":[],"footnotes":""},"categories":[59],"tags":[],"class_list":{"0":"post-9999","1":"post","2":"type-post","3":"status-publish","4":"format-standard","5":"has-post-thumbnail","7":"category-politica"},"amp_enabled":true,"_links":{"self":[{"href":"https:\/\/www.todoeldia.com\/index.php\/wp-json\/wp\/v2\/posts\/9999","targetHints":{"allow":["GET"]}}],"collection":[{"href":"https:\/\/www.todoeldia.com\/index.php\/wp-json\/wp\/v2\/posts"}],"about":[{"href":"https:\/\/www.todoeldia.com\/index.php\/wp-json\/wp\/v2\/types\/post"}],"author":[{"embeddable":true,"href":"https:\/\/www.todoeldia.com\/index.php\/wp-json\/wp\/v2\/users\/2"}],"replies":[{"embeddable":true,"href":"https:\/\/www.todoeldia.com\/index.php\/wp-json\/wp\/v2\/comments?post=9999"}],"version-history":[{"count":1,"href":"https:\/\/www.todoeldia.com\/index.php\/wp-json\/wp\/v2\/posts\/9999\/revisions"}],"predecessor-version":[{"id":10001,"href":"https:\/\/www.todoeldia.com\/index.php\/wp-json\/wp\/v2\/posts\/9999\/revisions\/10001"}],"wp:featuredmedia":[{"embeddable":true,"href":"https:\/\/www.todoeldia.com\/index.php\/wp-json\/wp\/v2\/media\/10002"}],"wp:attachment":[{"href":"https:\/\/www.todoeldia.com\/index.php\/wp-json\/wp\/v2\/media?parent=9999"}],"wp:term":[{"taxonomy":"category","embeddable":true,"href":"https:\/\/www.todoeldia.com\/index.php\/wp-json\/wp\/v2\/categories?post=9999"},{"taxonomy":"post_tag","embeddable":true,"href":"https:\/\/www.todoeldia.com\/index.php\/wp-json\/wp\/v2\/tags?post=9999"}],"curies":[{"name":"wp","href":"https:\/\/api.w.org\/{rel}","templated":true}]}}